{"id":48635,"date":"2022-07-23T19:45:25","date_gmt":"2022-07-23T17:45:25","guid":{"rendered":"https:\/\/jugulajm.net\/?p=48635"},"modified":"2022-07-23T19:45:25","modified_gmt":"2022-07-23T17:45:25","slug":"paralajmeron-rama-energjia-elektrike-me-orar-njerezit-te-kursejne","status":"publish","type":"post","link":"https:\/\/jugulajm.net\/?p=48635","title":{"rendered":"Paralajm\u00ebron Rama: Energjia elektrike me orar! Njer\u00ebzit t\u00eb kursejn\u00eb"},"content":{"rendered":"<p>N\u00eb mbledhjen e fundit me kryebashkiak\u00ebt, Edi Rama ka folur edhe p\u00ebr kriz\u00ebn energjitike. Ai ka th\u00ebn\u00eb se m\u00eb e keqja nuk ka ardhur akoma dhe p\u00ebr k\u00ebt\u00eb ka k\u00ebshilluar qytetar\u00ebt q\u00eb t\u00eb kursejn\u00eb, edhe pse vet\u00eb ministrit\u00eb nuk po e b\u00ebjn\u00eb nj\u00eb gj\u00eb t\u00eb till\u00eb.<\/p>\n<p>Gjithashtu do t\u00eb ket\u00eb edhe nd\u00ebrprerje t\u00eb energjis\u00eb n\u00eb orare t\u00eb ndryshme.<\/p>\n<p>Sipas Ram\u00ebs njer\u00ebzit duhet t\u00eb m\u00ebsojn\u00eb t\u00eb jetojn\u00eb n\u00eb koh\u00eb t\u00eb v\u00ebshtira.<\/p>\n<div class=\"mobile-only\">\n<h6>&#8220;\u00cbsht\u00eb p\u00ebrgatitur plani i shkurtimeve. Flasim edhe deri n\u00eb shkurtime t\u00ebr\u00ebsore t\u00eb furnizimeve me energji. Ne e kemi b\u00ebr\u00eb k\u00ebt\u00eb plan, por \u00ebsht\u00eb emergjence. Njer\u00ebzit duhet t\u00eb fillojn\u00eb t\u00eb kursejn\u00eb. Pse duhen ndezur dritat tani? Pronarit k\u00ebtu nuk i vjen fatura e merituar se po t\u2019i vinte, edhe librat do t\u2019i lexonte me neonin e rrug\u00ebs n\u00eb dark\u00eb. Kjo \u00ebsht\u00eb gj\u00ebja me t\u00eb cil\u00ebn duhet t\u00eb merremi. Edhe ju duhet t\u00eb p\u00ebrfshihemi. Jo vet\u00ebm kur k\u00ebrkoni dopio ura, t\u00eb kuptoni q\u00eb vizioni \u00ebsht\u00eb i duhuri por jo momenti, por edhe t\u00eb sensibilizohen njer\u00ebzit. I keni par\u00eb shepnzimet e energjis\u00eb elektrike n\u00eb bashki? Shikojini. S\u2019po themi gj\u00ebmoni sustat p\u00ebr t\u00eb fikur dritat n\u00eb kryeministri edhe kur s\u2019ka kriz\u00eb, por mentaliteti i t\u00eb jetuarit n\u00eb koh\u00eb t\u00eb v\u00ebshtir\u00eb duhet t\u00eb kultivohet q\u00eb t\u00eb b\u00ebjm\u00eb cfar\u00eb mundemi.&#8221;- u shpreh kryeministri Rama.<\/h6>\n<\/div>\n","protected":false},"excerpt":{"rendered":"<p>N\u00eb mbledhjen e fundit me kryebashkiak\u00ebt, Edi Rama ka folur edhe p\u00ebr kriz\u00ebn energjitike. Ai ka th\u00ebn\u00eb se m\u00eb e keqja nuk ka ardhur akoma dhe p\u00ebr k\u00ebt\u00eb ka k\u00ebshilluar qytetar\u00ebt q\u00eb t\u00eb kursejn\u00eb, edhe pse vet\u00eb ministrit\u00eb nuk po e b\u00ebjn\u00eb nj\u00eb gj\u00eb t\u00eb till\u00eb. Gjithashtu do t\u00eb ket\u00eb edhe nd\u00ebrprerje t\u00eb energjis\u00eb n\u00eb [&hellip;]<\/p>\n","protected":false},"author":5,"featured_media":38939,"comment_status":"open","ping_status":"open","sticky":false,"template":"","format":"standard","meta":{"footnotes":""},"categories":[6327,6332],"tags":[],"class_list":{"0":"post-48635","1":"post","2":"type-post","3":"status-publish","4":"format-standard","5":"has-post-thumbnail","7":"category-ekonomi","8":"category-te-fundit"},"_links":{"self":[{"href":"https:\/\/jugulajm.net\/index.php?rest_route=\/wp\/v2\/posts\/48635","targetHints":{"allow":["GET"]}}],"collection":[{"href":"https:\/\/jugulajm.net\/index.php?rest_route=\/wp\/v2\/posts"}],"about":[{"href":"https:\/\/jugulajm.net\/index.php?rest_route=\/wp\/v2\/types\/post"}],"author":[{"embeddable":true,"href":"https:\/\/jugulajm.net\/index.php?rest_route=\/wp\/v2\/users\/5"}],"replies":[{"embeddable":true,"href":"https:\/\/jugulajm.net\/index.php?rest_route=%2Fwp%2Fv2%2Fcomments&post=48635"}],"version-history":[{"count":0,"href":"https:\/\/jugulajm.net\/index.php?rest_route=\/wp\/v2\/posts\/48635\/revisions"}],"wp:featuredmedia":[{"embeddable":true,"href":"https:\/\/jugulajm.net\/index.php?rest_route=\/"}],"wp:attachment":[{"href":"https:\/\/jugulajm.net\/index.php?rest_route=%2Fwp%2Fv2%2Fmedia&parent=48635"}],"wp:term":[{"taxonomy":"category","embeddable":true,"href":"https:\/\/jugulajm.net\/index.php?rest_route=%2Fwp%2Fv2%2Fcategories&post=48635"},{"taxonomy":"post_tag","embeddable":true,"href":"https:\/\/jugulajm.net\/index.php?rest_route=%2Fwp%2Fv2%2Ftags&post=48635"}],"curies":[{"name":"wp","href":"https:\/\/api.w.org\/{rel}","templated":true}]}}