{"id":48627,"date":"2022-07-23T16:19:38","date_gmt":"2022-07-23T14:19:38","guid":{"rendered":"https:\/\/jugulajm.net\/?p=48627"},"modified":"2022-07-23T16:19:38","modified_gmt":"2022-07-23T14:19:38","slug":"programi-neser-ceremonia-e-marrjes-se-detyres-nga-begaj","status":"publish","type":"post","link":"https:\/\/jugulajm.net\/?p=48627","title":{"rendered":"Programi\/ Nes\u00ebr ceremonia e marrjes s\u00eb detyr\u00ebs nga Begaj"},"content":{"rendered":"<p>Presidenti i vendit, Ilir Meta dit\u00ebn e nes\u00ebrme do t\u00eb dor\u00ebzoj\u00eb detyr\u00ebn, ku vendin e tij do ta z\u00ebr\u00eb\u00a0ish-Shefi i Shtabit t\u00eb P\u00ebrgjithsh\u00ebm t\u00eb Forcave t\u00eb Armatosura, Bajram Begaj.<\/p>\n<p>Ky i fundit, do t\u00eb betohet n\u00eb nj\u00eb seanc\u00eb t\u00eb posa\u00e7me parlamentare q\u00eb do t\u00eb zhvillohet n\u00eb or\u00ebn 18:00 n\u00eb Kuvend. M\u00eb pas, n\u00eb Presidenc\u00eb, do t\u00eb zhvillohet ceremonia e marrjes s\u00eb detyr\u00ebs s\u00eb Presidentit nga Bajram Begajt. Axhend\u00ebn e ka zbardhur K\u00ebshilltari i Presidentit Ilir Meta, Tedi Blushi me an\u00eb t\u00eb n\u00ebj postimi n\u00eb rrjetet sociale.<\/p>\n<p><strong>Postimi i Tedi Blushit\u00a0<\/strong><\/p>\n<div class=\"insertion-box\">\n<div class=\"\">\n<div id=\"t62dc023fe1592\" data-p=\"34\">\n<div class=\"medianative\" data-reklama=\"Alfa Ytube\">PROGRAMI I CEREMONIS\u00cb S\u00cb FILLIMIT T\u00cb DETYR\u00cbS NGA PRESIDENTI I REPUBLIK\u00cbS S\u00cb SHQIP\u00cbRIS\u00cb SH.T.Z. BAJRAM BEGAJ<\/div>\n<\/div>\n<\/div>\n<\/div>\n<p>18:45 \u2013 19:15- Mb\u00ebrritja e t\u00eb ftuarve<\/p>\n<p>19:15 \u2013 Mb\u00ebrritja e Presidentit t\u00eb Republik\u00ebs SH.T.Z. Bajram Begaj n\u00eb Presidenc\u00eb<\/p>\n<p>19:29 \u2013 Presidenti i Republik\u00ebs SH.T.Z. Bajram Begaj bashk\u00eb me ish-Presidentin e Republik\u00ebs SH.T.Z. Ilir Meta, dalin nga Presidenca dhe z\u00ebn\u00eb vend n\u00eb tribun\u00eb<\/p>\n<p>19:30 \u2013 Luhet Himni Komb\u00ebtar nga Orkestra Frymore e Forcave t\u00eb Armatosura, shoq\u00ebruar nga 21 t\u00eb sht\u00ebna topi<\/p>\n<p>19:35 \u2013 Znj. Vitore Tusha, Kryetare e Gjykat\u00ebs Kushtetuese i dor\u00ebzon Presidentit, Kushtetut\u00ebn e Republik\u00ebs s\u00eb Shqip\u00ebris\u00eb.<\/p>\n<p>19:40 \u2013 Fjala e Presidentit t\u00eb Republik\u00ebs, SH.T.Z. Bajram Begaj.<\/p>\n<p>19:50 \u2013 Largimi i ish-Presidentit t\u00eb Republik\u00ebs, SH.T.Z. Ilir Meta<\/p>\n<p>19:53 \u2013 Komandanti i Truproj\u00ebs s\u00eb Nderit i Forcave t\u00eb Armatosura i paraqet forc\u00ebn Presidentit. Kalim n\u00eb revist\u00eb i Presidentit.<\/p>\n<p>19:58 \u2013 Presidenti i shoq\u00ebruar nga familja hyjn\u00eb n\u00eb Presidenc\u00eb<\/p>\n<p>20:00 \u2013 Pritje zyrtare n\u00eb oborrin e Presidenc\u00ebs.<\/p>\n<div class=\"insertion-box\">\n<div class=\"\">\n<div id=\"t62dc023fe1583\" data-p=\"100\">\n<div class=\"medianative\" data-reklama=\"Alfapress Planet\"><\/div>\n<\/div>\n<\/div>\n<\/div>\n","protected":false},"excerpt":{"rendered":"<p>Presidenti i vendit, Ilir Meta dit\u00ebn e nes\u00ebrme do t\u00eb dor\u00ebzoj\u00eb detyr\u00ebn, ku vendin e tij do ta z\u00ebr\u00eb\u00a0ish-Shefi i Shtabit t\u00eb P\u00ebrgjithsh\u00ebm t\u00eb Forcave t\u00eb Armatosura, Bajram Begaj. Ky i fundit, do t\u00eb betohet n\u00eb nj\u00eb seanc\u00eb t\u00eb posa\u00e7me parlamentare q\u00eb do t\u00eb zhvillohet n\u00eb or\u00ebn 18:00 n\u00eb Kuvend. M\u00eb pas, n\u00eb Presidenc\u00eb, do [&hellip;]<\/p>\n","protected":false},"author":5,"featured_media":47170,"comment_status":"open","ping_status":"open","sticky":false,"template":"","format":"standard","meta":{"footnotes":""},"categories":[6326,6332],"tags":[],"class_list":{"0":"post-48627","1":"post","2":"type-post","3":"status-publish","4":"format-standard","5":"has-post-thumbnail","7":"category-politike","8":"category-te-fundit"},"_links":{"self":[{"href":"https:\/\/jugulajm.net\/index.php?rest_route=\/wp\/v2\/posts\/48627","targetHints":{"allow":["GET"]}}],"collection":[{"href":"https:\/\/jugulajm.net\/index.php?rest_route=\/wp\/v2\/posts"}],"about":[{"href":"https:\/\/jugulajm.net\/index.php?rest_route=\/wp\/v2\/types\/post"}],"author":[{"embeddable":true,"href":"https:\/\/jugulajm.net\/index.php?rest_route=\/wp\/v2\/users\/5"}],"replies":[{"embeddable":true,"href":"https:\/\/jugulajm.net\/index.php?rest_route=%2Fwp%2Fv2%2Fcomments&post=48627"}],"version-history":[{"count":0,"href":"https:\/\/jugulajm.net\/index.php?rest_route=\/wp\/v2\/posts\/48627\/revisions"}],"wp:featuredmedia":[{"embeddable":true,"href":"https:\/\/jugulajm.net\/index.php?rest_route=\/wp\/v2\/media\/47170"}],"wp:attachment":[{"href":"https:\/\/jugulajm.net\/index.php?rest_route=%2Fwp%2Fv2%2Fmedia&parent=48627"}],"wp:term":[{"taxonomy":"category","embeddable":true,"href":"https:\/\/jugulajm.net\/index.php?rest_route=%2Fwp%2Fv2%2Fcategories&post=48627"},{"taxonomy":"post_tag","embeddable":true,"href":"https:\/\/jugulajm.net\/index.php?rest_route=%2Fwp%2Fv2%2Ftags&post=48627"}],"curies":[{"name":"wp","href":"https:\/\/api.w.org\/{rel}","templated":true}]}}