{"id":48620,"date":"2022-07-23T11:39:18","date_gmt":"2022-07-23T09:39:18","guid":{"rendered":"https:\/\/jugulajm.net\/?p=48620"},"modified":"2022-07-23T11:39:18","modified_gmt":"2022-07-23T09:39:18","slug":"operatoret-ne-jug-me-pak-turiste-nga-cmimet-e-larta-shqiptaret-drejt-turqise-dhe-greqise","status":"publish","type":"post","link":"https:\/\/jugulajm.net\/?p=48620","title":{"rendered":"Operator\u00ebt: N\u00eb jug m\u00eb pak turist\u00eb nga \u00e7mimet e larta, shqiptar\u00ebt drejt Turqis\u00eb dhe Greqis\u00eb"},"content":{"rendered":"<p>K\u00ebt\u00eb korrik n\u00eb plazhet e jugut ka pasur m\u00eb pak turist\u00eb. P\u00ebr kryetarin e Shoqat\u00ebs s\u00eb Turoperator\u00ebve, Besnik Vathi, shkak jan\u00eb \u00e7mimet e larta dhe mungesa e strukturave hoteliere.<\/p>\n<p>\u201cZona e jugut historikisht nuk ka pasur m\u00eb shum\u00eb sesa 45 dit\u00eb shfryt\u00ebzim, gj\u00eb q\u00eb ka dhe pasoja prej k\u00ebtij frekuentimi t\u00eb shkurt\u00ebr, pasoja n\u00eb \u00e7mimet e larta q\u00eb ofron. Nuk ka at\u00eb inventar t\u00eb madh hotelier q\u00eb ka zona Durr\u00ebs-Golem,\u201d tha Besnik Vathi, Kryetar i Shoqat\u00ebs s\u00eb Tur-Operator\u00ebve.<\/p>\n<p>Heqja e kufizimeve t\u00eb pandemis\u00eb ka shtuar numrin e shqiptar\u00ebve q\u00eb po pushojn\u00eb jasht\u00eb vendit. Risi k\u00ebt\u00eb ver\u00eb \u00ebsht\u00eb Spanja, por Greqia dhe Turqia jan\u00eb nd\u00ebr destinacionet m\u00eb t\u00eb preferuara.<\/p>\n<p>\u201cL\u00ebvizja e par\u00eb p\u00ebr nga numri \u00ebsht\u00eb drejt Greqis\u00eb, p\u00ebr nga t\u00eb ardhurat, shpenzimet q\u00eb b\u00ebjn\u00eb \u00ebsht\u00eb drejt Turqis\u00eb. Por ka l\u00ebvizje k\u00ebt\u00eb vit p\u00ebr her\u00eb t\u00eb par\u00eb edhe drejt Spanj\u00ebs pasi ka fluturime direkte. Vazhdojn\u00eb fluturimet drejt Egjiptit,\u201d tha ai.<\/p>\n<p>Nd\u00ebrsa t\u00eb huajt q\u00eb kan\u00eb vizituar Shqip\u00ebrin\u00eb kan\u00eb zgjedhur t\u00eb q\u00ebndrojn\u00eb n\u00eb plazhet pran\u00eb Tiran\u00ebs, n\u00eb Durr\u00ebs e Golem.<\/p>\n<p>\u201cTurizmi i plazhit ka zon\u00ebn kryesore q\u00eb \u00ebsht\u00eb Durr\u00ebs-Golem, zona q\u00eb pret numrin m\u00eb t\u00eb madh t\u00eb turist\u00ebve nga jasht\u00eb vendit,\u201d tha ai.<\/p>\n<p>Ata jan\u00eb kryesisht nga Europa Per\u00ebndimore, por t\u00eb shumt\u00eb jan\u00eb edhe turist\u00ebt nga vendet skandinave.<\/p>\n<p>\u201cJan\u00eb shtuar destinacionet pasi ka p\u00ebr her\u00eb t\u00eb par\u00eb fluturime direkte nga Tirana edhe me fluturime t\u00eb skeduluara drejt vendeve Skandinave. Jan\u00eb dy dhe do b\u00ebhen tre qytete n\u00eb Franc\u00eb q\u00eb fluturohet direkt, jan\u00eb Barcelona dhe Madridi p\u00ebr her\u00eb t\u00eb par\u00eb q\u00eb fluturohet direkt gjat\u00eb k\u00ebtij viti,\u201d tha ai.<\/p>\n<p>Pavar\u00ebsisht problematikave q\u00eb lidhen me \u00e7mimet apo munges\u00ebn e punonj\u00ebsve t\u00eb kualifikuar, Turoperator\u00ebt thon\u00eb se industria e turizmit ka nisur t\u00eb rim\u00ebk\u00ebmbet pas dy viteve pandemi.<\/p>\n","protected":false},"excerpt":{"rendered":"<p>K\u00ebt\u00eb korrik n\u00eb plazhet e jugut ka pasur m\u00eb pak turist\u00eb. P\u00ebr kryetarin e Shoqat\u00ebs s\u00eb Turoperator\u00ebve, Besnik Vathi, shkak jan\u00eb \u00e7mimet e larta dhe mungesa e strukturave hoteliere. \u201cZona e jugut historikisht nuk ka pasur m\u00eb shum\u00eb sesa 45 dit\u00eb shfryt\u00ebzim, gj\u00eb q\u00eb ka dhe pasoja prej k\u00ebtij frekuentimi t\u00eb shkurt\u00ebr, pasoja n\u00eb \u00e7mimet [&hellip;]<\/p>\n","protected":false},"author":5,"featured_media":48369,"comment_status":"open","ping_status":"open","sticky":false,"template":"","format":"standard","meta":{"footnotes":""},"categories":[6332,6333],"tags":[],"class_list":{"0":"post-48620","1":"post","2":"type-post","3":"status-publish","4":"format-standard","5":"has-post-thumbnail","7":"category-te-fundit","8":"category-turizem"},"_links":{"self":[{"href":"https:\/\/jugulajm.net\/index.php?rest_route=\/wp\/v2\/posts\/48620","targetHints":{"allow":["GET"]}}],"collection":[{"href":"https:\/\/jugulajm.net\/index.php?rest_route=\/wp\/v2\/posts"}],"about":[{"href":"https:\/\/jugulajm.net\/index.php?rest_route=\/wp\/v2\/types\/post"}],"author":[{"embeddable":true,"href":"https:\/\/jugulajm.net\/index.php?rest_route=\/wp\/v2\/users\/5"}],"replies":[{"embeddable":true,"href":"https:\/\/jugulajm.net\/index.php?rest_route=%2Fwp%2Fv2%2Fcomments&post=48620"}],"version-history":[{"count":0,"href":"https:\/\/jugulajm.net\/index.php?rest_route=\/wp\/v2\/posts\/48620\/revisions"}],"wp:featuredmedia":[{"embeddable":true,"href":"https:\/\/jugulajm.net\/index.php?rest_route=\/wp\/v2\/media\/48369"}],"wp:attachment":[{"href":"https:\/\/jugulajm.net\/index.php?rest_route=%2Fwp%2Fv2%2Fmedia&parent=48620"}],"wp:term":[{"taxonomy":"category","embeddable":true,"href":"https:\/\/jugulajm.net\/index.php?rest_route=%2Fwp%2Fv2%2Fcategories&post=48620"},{"taxonomy":"post_tag","embeddable":true,"href":"https:\/\/jugulajm.net\/index.php?rest_route=%2Fwp%2Fv2%2Ftags&post=48620"}],"curies":[{"name":"wp","href":"https:\/\/api.w.org\/{rel}","templated":true}]}}