{"id":48523,"date":"2022-07-19T10:05:33","date_gmt":"2022-07-19T08:05:33","guid":{"rendered":"https:\/\/jugulajm.net\/?p=48523"},"modified":"2022-07-19T10:05:33","modified_gmt":"2022-07-19T08:05:33","slug":"sot-konferenca-e-pare-nderqeveritare-shqiperi-be","status":"publish","type":"post","link":"https:\/\/jugulajm.net\/?p=48523","title":{"rendered":"Sot, konferenca e par\u00eb nd\u00ebrqeveritare Shqip\u00ebri-BE"},"content":{"rendered":"<p>Shqip\u00ebria nis sot bisedimet zyrtare n\u00eb tryez\u00eb me Bashkimin Europian, dit\u00eb kjo historike pas 16 viteve nga firmosja e marr\u00ebveshjes s\u00eb Stabilizim-Asocimit, ku nisi rrug\u00ebtimin drejt BE-s\u00eb dhe 8 viteve nga marrja e statusit t\u00eb vendit kandidat.<\/p>\n<p>25 figura t\u00eb qeveris\u00eb dhe administrat\u00ebs t\u00eb p\u00ebrfshira n\u00eb procesin e integrimit do t\u00eb p\u00ebrb\u00ebjn\u00eb delagacionin shqiptar q\u00eb do t\u00eb marr\u00eb pjes\u00eb n\u00eb Konferenc\u00ebn e par\u00eb Nd\u00ebrqeveritare Shqip\u00ebri-BE sot n\u00eb Bruksel.<\/p>\n<p>Delegacioni kryesohet nga Kryeministri Edi Rama, e n\u00eb krah t\u00eb tij do t\u00eb jen\u00eb dhe ministrja e jashtme, Olta Xha\u00e7ka, kryenegociatori Zef Mazi, si dhe zyrtar\u00eb t\u00eb tjer\u00eb t\u00eb p\u00ebrfshir\u00eb n\u00eb k\u00ebt\u00eb proces.<\/p>\n<p>Takimi t\u00eb zgjas\u00eb 90 minuta e pas tij, do t\u00eb ket\u00eb nj\u00eb konferenc\u00eb p\u00ebr shtyp. Delegacioni i BE drejtohet nga shefi i diplomacis\u00eb ceke, vend i t\u00eb cilit mban presidenc\u00ebn e radh\u00ebs s\u00eb bllokut si dhe p\u00ebrfaq\u00ebsuesi i lart\u00eb p\u00ebr politik\u00ebn e jashtme Josep Borrell dhe Komisioneri p\u00ebr zgjerimin, Oliver Varhelyi, t\u00eb cil\u00ebt e kan\u00eb mb\u00ebshtetur me forc\u00eb hapjen e shpejt\u00eb t\u00eb k\u00ebsaj konferenc\u00eb, \u00e7ka u mund\u00ebsia pas zhbllokimit q\u00eb i b\u00ebri parlamentit maqedonas ng\u00ebr\u00e7it t\u00eb krijuar me Bullgarin\u00eb, p\u00ebrmes miratimit t\u00eb propozimit francez dit\u00ebn e shtun\u00eb.<\/p>\n<p>Shqip\u00ebria mori statusin e vendit kandidat n\u00eb qershorin e vitit 2014, e ndon\u00ebse marsin e vitit 2020 K\u00ebshilli Europian vendosi t\u00eb hap\u00eb negociatat p\u00ebr an\u00ebtar\u00ebsimin e saj, u desh t\u00eb pritej edhe dy vjet t\u00eb tjera, e kjo p\u00ebr shkak se disa vende t\u00eb bllokut k\u00ebrkonin ta shihnin Tiran\u00ebn dhe Shkupin t\u00eb avanconin bashk\u00eb drejt Bashkimit Europian. K\u00ebshtu, edhe Maqedonia e Veriut e mban nes\u00ebr n\u00eb Bruksel, Konferenc\u00ebn e par\u00eb Nd\u00ebrqeveritare me BE-n\u00eb, n\u00eb t\u00eb cil\u00ebn kryeministri Dimitar Kova\u00e7evski do t\u00eb lexoj\u00eb deklarat\u00ebn hyr\u00ebse n\u00eb gjuh\u00ebn maqedonase.<\/p>\n<p>Fill pas k\u00ebsaj, nis verifikimi q\u00eb do t\u00eb zgjas\u00eb nj\u00eb vit e gjysm\u00eb dhe pas p\u00ebrfundimit t\u00eb atij procesi \u00ebsht\u00eb planifikuar konferenca e radh\u00ebs nd\u00ebrqeveritare, e cila do t\u00eb p\u00ebrfundoj\u00eb faz\u00ebn e hapjes s\u00eb negociatave p\u00ebr an\u00ebtar\u00ebsim dhe mbajtja e saj kusht\u00ebzohet me ndryshimet n\u00eb Kushtetut\u00eb.<\/p>\n<p>Propozimi francez parashikonte kap\u00ebrcimin e mosmarr\u00ebveshjeve mes Shkupit dhe Sofjes lidhur me gjuh\u00ebn maqedonase, identitetin dhe t\u00eb kaluar\u00ebn historike, nd\u00ebrkoh\u00eb q\u00eb pala bullgare k\u00ebrkon nga pala maqedonase q\u00eb t\u00eb p\u00ebrfshij\u00eb edhe pakic\u00ebn bullgare n\u00eb preambul\u00ebn e kushtetut\u00ebs, si t\u00eb barabart\u00eb me popujt e tjer\u00eb.<\/p>\n","protected":false},"excerpt":{"rendered":"<p>Shqip\u00ebria nis sot bisedimet zyrtare n\u00eb tryez\u00eb me Bashkimin Europian, dit\u00eb kjo historike pas 16 viteve nga firmosja e marr\u00ebveshjes s\u00eb Stabilizim-Asocimit, ku nisi rrug\u00ebtimin drejt BE-s\u00eb dhe 8 viteve nga marrja e statusit t\u00eb vendit kandidat. 25 figura t\u00eb qeveris\u00eb dhe administrat\u00ebs t\u00eb p\u00ebrfshira n\u00eb procesin e integrimit do t\u00eb p\u00ebrb\u00ebjn\u00eb delagacionin shqiptar q\u00eb [&hellip;]<\/p>\n","protected":false},"author":5,"featured_media":26564,"comment_status":"open","ping_status":"open","sticky":false,"template":"","format":"standard","meta":{"footnotes":""},"categories":[6326,6332],"tags":[],"class_list":{"0":"post-48523","1":"post","2":"type-post","3":"status-publish","4":"format-standard","5":"has-post-thumbnail","7":"category-politike","8":"category-te-fundit"},"_links":{"self":[{"href":"https:\/\/jugulajm.net\/index.php?rest_route=\/wp\/v2\/posts\/48523","targetHints":{"allow":["GET"]}}],"collection":[{"href":"https:\/\/jugulajm.net\/index.php?rest_route=\/wp\/v2\/posts"}],"about":[{"href":"https:\/\/jugulajm.net\/index.php?rest_route=\/wp\/v2\/types\/post"}],"author":[{"embeddable":true,"href":"https:\/\/jugulajm.net\/index.php?rest_route=\/wp\/v2\/users\/5"}],"replies":[{"embeddable":true,"href":"https:\/\/jugulajm.net\/index.php?rest_route=%2Fwp%2Fv2%2Fcomments&post=48523"}],"version-history":[{"count":0,"href":"https:\/\/jugulajm.net\/index.php?rest_route=\/wp\/v2\/posts\/48523\/revisions"}],"wp:featuredmedia":[{"embeddable":true,"href":"https:\/\/jugulajm.net\/index.php?rest_route=\/"}],"wp:attachment":[{"href":"https:\/\/jugulajm.net\/index.php?rest_route=%2Fwp%2Fv2%2Fmedia&parent=48523"}],"wp:term":[{"taxonomy":"category","embeddable":true,"href":"https:\/\/jugulajm.net\/index.php?rest_route=%2Fwp%2Fv2%2Fcategories&post=48523"},{"taxonomy":"post_tag","embeddable":true,"href":"https:\/\/jugulajm.net\/index.php?rest_route=%2Fwp%2Fv2%2Ftags&post=48523"}],"curies":[{"name":"wp","href":"https:\/\/api.w.org\/{rel}","templated":true}]}}