{"id":48498,"date":"2022-07-18T09:35:24","date_gmt":"2022-07-18T07:35:24","guid":{"rendered":"https:\/\/jugulajm.net\/?p=48498"},"modified":"2022-07-18T09:36:15","modified_gmt":"2022-07-18T07:36:15","slug":"lajm-i-fundit-gjirokaster-sherri-te-pedagogjikja-arrestohet-njeri-prej-autoreve-dhe-personi-qe-e-ndihmoi","status":"publish","type":"post","link":"https:\/\/jugulajm.net\/?p=48498","title":{"rendered":"LAJM I FUNDIT!! Gjirokast\u00ebr\/ Sherri n\u00eb pedagogjike, arrestohet nj\u00ebri prej autor\u00ebve dhe personi q\u00eb e ndihmoi"},"content":{"rendered":"<p>Fal\u00eb veprimeve t\u00eb shpejta dhe profesionale nga Policia, zbardhet dhe dokumentohet brenda pak or\u00ebsh, ngjarja e ndodhur dit\u00ebn e djeshme, n\u00eb Gjirokast\u00ebr, ku mbeti i d\u00ebmtuar nj\u00eb 33-vje\u00e7ar.<\/p>\n<p>Godit\u00ebn me mjet prer\u00ebs dhe sende t\u00eb forta 33-vje\u00e7arin, arrestohet nj\u00ebri prej autor\u00ebve t\u00eb dyshuar, shpallet n\u00eb k\u00ebrkim bashk\u00ebpun\u00ebtori i tij.<\/p>\n<p>Arrestohet n\u00eb flagranc\u00eb edhe nj\u00eb shtetas tjet\u00ebr q\u00eb ndihmoi autorin e shpallur n\u00eb k\u00ebrkim, p\u00ebr t\u2019u larguar nga vendi i ngjarjes, duke e transportuar me automjet. Sekuestrohet automjeti.<\/p>\n<p><strong>Njoftimi i policis\u00ea:<\/strong><\/p>\n<p>Sh\u00ebrbimet e Komisariatit t\u00eb Policis\u00eb Gjirokast\u00ebr, n\u00ebn drejtimin e Prokuroris\u00eb pran\u00eb Gjykat\u00ebs s\u00eb Shkall\u00ebs s\u00eb Par\u00eb Gjirokast\u00ebr, pas ngjarjes s\u00eb ndodhur dit\u00ebn e djeshme, n\u00eb lagjen &#8220;11 Janari&#8221;, Gjirokast\u00ebr, ku pas nj\u00eb konflikti t\u00eb \u00e7astit mbeti i d\u00ebmtuar shtetasi L. D., 33 vje\u00e7, banues n\u00eb Gjirokast\u00ebr, kan\u00eb vijuar pun\u00ebn hetimore, me q\u00ebllim kapjen dhe v\u00ebnien para p\u00ebrgjegj\u00ebsis\u00eb ligjore t\u00eb autor\u00ebve t\u00eb dyshuar.<\/p>\n<p>Bazuar dhe n\u00eb informacionet e marra n\u00eb rrug\u00eb policore, u b\u00eb kapja dhe arrestimi i shtetasve K. P., 41 vje\u00e7 dhe G. R., 32 vje\u00e7, banues n\u00eb Gjirokast\u00ebr. Gjithashtu u shpall n\u00eb k\u00ebrkim shtetasi P. K., 30 vje\u00e7.<\/p>\n<p>N\u00eb dat\u00ebn 17.07.2022, n\u00eb lagjen &#8220;11 Janari&#8221;, Gjirokast\u00ebr, pas nj\u00eb konflikti t\u00eb \u00e7astit, shtetasit K. P. dhe P. K. kan\u00eb goditur me mjet prer\u00ebs dhe sende t\u00eb forta shtetasin L. D., i cili \u00ebsht\u00eb transportuar n\u00eb spitalin e Traum\u00ebs, Tiran\u00eb.<\/p>\n<p>Shtetasi P. K. \u00ebsht\u00eb ndihmuar p\u00ebr t\u2019u larguar nga vendi i ngjarjes, nga shtetasi G. R., i cili e ka transportuar me automjetin e tij. N\u00eb cil\u00ebsin\u00eb e prov\u00ebs materiale u sekuestrua automjeti.<\/p>\n<p>Vijon puna intensive p\u00ebr kapjen dhe v\u00ebnien p\u00ebrpara p\u00ebrgjegj\u00ebsis\u00eb ligjore t\u00eb shtetasit P. K.<\/p>\n<p>Materialet i kaluan Prokuroris\u00eb pran\u00eb Gjykat\u00ebs s\u00eb Shkall\u00ebs s\u00eb Par\u00eb Gjirokast\u00ebr, p\u00ebr veprat penale &#8220;Vrasja me dashje&#8221;, e kryer n\u00eb bashk\u00ebpunim, mbetur n\u00eb tentativ\u00eb dhe &#8220;P\u00ebrkrahja e autorit t\u00eb krimit&#8221;.<\/p>\n","protected":false},"excerpt":{"rendered":"<p>Fal\u00eb veprimeve t\u00eb shpejta dhe profesionale nga Policia, zbardhet dhe dokumentohet brenda pak or\u00ebsh, ngjarja e ndodhur dit\u00ebn e djeshme, n\u00eb Gjirokast\u00ebr, ku mbeti i d\u00ebmtuar nj\u00eb 33-vje\u00e7ar. Godit\u00ebn me mjet prer\u00ebs dhe sende t\u00eb forta 33-vje\u00e7arin, arrestohet nj\u00ebri prej autor\u00ebve t\u00eb dyshuar, shpallet n\u00eb k\u00ebrkim bashk\u00ebpun\u00ebtori i tij. Arrestohet n\u00eb flagranc\u00eb edhe nj\u00eb shtetas [&hellip;]<\/p>\n","protected":false},"author":5,"featured_media":38307,"comment_status":"open","ping_status":"open","sticky":false,"template":"","format":"standard","meta":{"footnotes":""},"categories":[1,6332],"tags":[18875],"class_list":{"0":"post-48498","1":"post","2":"type-post","3":"status-publish","4":"format-standard","5":"has-post-thumbnail","7":"category-aktualitet","8":"category-te-fundit","9":"tag-arrestohet-njeri-prej-autoreve-dhe-personi-qe-e-ndihmoi"},"_links":{"self":[{"href":"https:\/\/jugulajm.net\/index.php?rest_route=\/wp\/v2\/posts\/48498","targetHints":{"allow":["GET"]}}],"collection":[{"href":"https:\/\/jugulajm.net\/index.php?rest_route=\/wp\/v2\/posts"}],"about":[{"href":"https:\/\/jugulajm.net\/index.php?rest_route=\/wp\/v2\/types\/post"}],"author":[{"embeddable":true,"href":"https:\/\/jugulajm.net\/index.php?rest_route=\/wp\/v2\/users\/5"}],"replies":[{"embeddable":true,"href":"https:\/\/jugulajm.net\/index.php?rest_route=%2Fwp%2Fv2%2Fcomments&post=48498"}],"version-history":[{"count":0,"href":"https:\/\/jugulajm.net\/index.php?rest_route=\/wp\/v2\/posts\/48498\/revisions"}],"wp:featuredmedia":[{"embeddable":true,"href":"https:\/\/jugulajm.net\/index.php?rest_route=\/"}],"wp:attachment":[{"href":"https:\/\/jugulajm.net\/index.php?rest_route=%2Fwp%2Fv2%2Fmedia&parent=48498"}],"wp:term":[{"taxonomy":"category","embeddable":true,"href":"https:\/\/jugulajm.net\/index.php?rest_route=%2Fwp%2Fv2%2Fcategories&post=48498"},{"taxonomy":"post_tag","embeddable":true,"href":"https:\/\/jugulajm.net\/index.php?rest_route=%2Fwp%2Fv2%2Ftags&post=48498"}],"curies":[{"name":"wp","href":"https:\/\/api.w.org\/{rel}","templated":true}]}}