{"id":48452,"date":"2022-07-16T18:40:51","date_gmt":"2022-07-16T16:40:51","guid":{"rendered":"https:\/\/jugulajm.net\/?p=48452"},"modified":"2022-07-16T18:40:51","modified_gmt":"2022-07-16T16:40:51","slug":"votimi-ne-rmv-i-hap-rruge-negociatave","status":"publish","type":"post","link":"https:\/\/jugulajm.net\/?p=48452","title":{"rendered":"Votimi n\u00eb RMV i hap rrug\u00eb negociatave"},"content":{"rendered":"<p>Votimi pro i propozimit francez n\u00eb parlamentin maqedonas, i ka hapur rrug\u00eb nisjes s\u00eb negociatave t\u00eb Shqip\u00ebris\u00eb dhe Maqedonis\u00eb s\u00eb Veriut me Bashkimin Europian.<\/p>\n<p>Presidenti Meta p\u00ebrsh\u00ebndeti vendimin, nd\u00ebrsa p\u00ebrg\u00ebzoi dhe faktorin politik shqiptar q\u00eb mbetet gjithnj\u00eb besnik i orientimit europian.<\/p>\n<p data-min-tv-running=\"true\">N\u00eb nj\u00eb reagim n\u00eb Facebook, kryeministri Edi Rama shkruan se dit\u00ebn e h\u00ebn\u00eb, delegacioni shqiptar do t\u00eb shkoj\u00eb n\u00eb Bruksel p\u00ebr t\u00eb nisur k\u00ebt\u00eb rrug\u00eb t\u00eb re.<\/p>\n<p><span data-production-element-type=\"instruction\">Rama kujton 3 vitet ku Shqip\u00ebria mbeti peng i politik\u00ebs s\u00eb brendshme q\u00eb ai e quante mizerab\u00ebl dhe t\u00eb pafe dhe tani nuk ka m\u00eb asnj\u00eb penges\u00eb.<\/span><\/p>\n<p><span data-production-element-type=\"instruction\">Vendimi i votimit pro t\u00eb propozimit francez, \u00ebsht\u00eb mir\u00ebpritur dhe nga Sali Berisha. Kreu i Partis\u00eb Demokratike, shkruan se ky vendim tregon d\u00ebshir\u00ebn fisnike t\u00eb BE-s\u00eb dhe vendeve an\u00ebtare p\u00ebr t\u00eb garantuar perspektiv\u00ebn europiane t\u00eb vendeve t\u00eb Ballkanit Per\u00ebndimor.<\/span><\/p>\n<p>Berisha thot\u00eb se partia demokratike do t\u00eb mb\u00ebshtes\u00eb \u00e7do ligj, akt dhe vendim, p\u00ebr t\u00eb b\u00ebr\u00eb realitet an\u00ebtar\u00ebsimin e Shqip\u00ebris\u00eb n\u00eb BE.<\/p>\n<p>\u201cPartia Demokratike p\u00ebrsh\u00ebndet k\u00ebt\u00eb vendim t\u00eb parlamentit t\u00eb Maqedonis\u00eb s\u00eb Veriut dhe vler\u00ebson rolin e faktorit shqiptar n\u00eb k\u00ebt\u00eb vendimmarrje,\u201d \u2013 shkroi nga ana tjet\u00ebr Alibeaj.<\/p>\n<p><span data-production-element-type=\"instruction\">Dit\u00ebn e mart\u00eb do t\u00eb mbahet konferenca nd\u00ebrqeveritare ka lajm\u00ebruar n\u00eb Twitter-in e tij komisioneri Oliver<\/span>\u00a0Varhelyi duke e mir\u00ebpritur votimin n\u00eb parlamentin maqedonas.<\/p>\n<p><span data-production-element-type=\"instruction\">Ursula Von Der Leyen p\u00ebrg\u00ebzoi vendimin duke siguruar maqedonasit se gjuha e tyre do t\u00eb mbetet e tyre.<\/span><\/p>\n","protected":false},"excerpt":{"rendered":"<p>Votimi pro i propozimit francez n\u00eb parlamentin maqedonas, i ka hapur rrug\u00eb nisjes s\u00eb negociatave t\u00eb Shqip\u00ebris\u00eb dhe Maqedonis\u00eb s\u00eb Veriut me Bashkimin Europian. Presidenti Meta p\u00ebrsh\u00ebndeti vendimin, nd\u00ebrsa p\u00ebrg\u00ebzoi dhe faktorin politik shqiptar q\u00eb mbetet gjithnj\u00eb besnik i orientimit europian. N\u00eb nj\u00eb reagim n\u00eb Facebook, kryeministri Edi Rama shkruan se dit\u00ebn e h\u00ebn\u00eb, delegacioni [&hellip;]<\/p>\n","protected":false},"author":5,"featured_media":48453,"comment_status":"open","ping_status":"open","sticky":false,"template":"","format":"standard","meta":{"footnotes":""},"categories":[6326,6332],"tags":[],"class_list":{"0":"post-48452","1":"post","2":"type-post","3":"status-publish","4":"format-standard","5":"has-post-thumbnail","7":"category-politike","8":"category-te-fundit"},"_links":{"self":[{"href":"https:\/\/jugulajm.net\/index.php?rest_route=\/wp\/v2\/posts\/48452","targetHints":{"allow":["GET"]}}],"collection":[{"href":"https:\/\/jugulajm.net\/index.php?rest_route=\/wp\/v2\/posts"}],"about":[{"href":"https:\/\/jugulajm.net\/index.php?rest_route=\/wp\/v2\/types\/post"}],"author":[{"embeddable":true,"href":"https:\/\/jugulajm.net\/index.php?rest_route=\/wp\/v2\/users\/5"}],"replies":[{"embeddable":true,"href":"https:\/\/jugulajm.net\/index.php?rest_route=%2Fwp%2Fv2%2Fcomments&post=48452"}],"version-history":[{"count":0,"href":"https:\/\/jugulajm.net\/index.php?rest_route=\/wp\/v2\/posts\/48452\/revisions"}],"wp:featuredmedia":[{"embeddable":true,"href":"https:\/\/jugulajm.net\/index.php?rest_route=\/wp\/v2\/media\/48453"}],"wp:attachment":[{"href":"https:\/\/jugulajm.net\/index.php?rest_route=%2Fwp%2Fv2%2Fmedia&parent=48452"}],"wp:term":[{"taxonomy":"category","embeddable":true,"href":"https:\/\/jugulajm.net\/index.php?rest_route=%2Fwp%2Fv2%2Fcategories&post=48452"},{"taxonomy":"post_tag","embeddable":true,"href":"https:\/\/jugulajm.net\/index.php?rest_route=%2Fwp%2Fv2%2Ftags&post=48452"}],"curies":[{"name":"wp","href":"https:\/\/api.w.org\/{rel}","templated":true}]}}