{"id":48407,"date":"2022-07-15T09:02:41","date_gmt":"2022-07-15T07:02:41","guid":{"rendered":"https:\/\/jugulajm.net\/?p=48407"},"modified":"2022-07-15T09:05:45","modified_gmt":"2022-07-15T07:05:45","slug":"greqi-shqiptari-denohet-me-burg-se-vodhi-7-byreke","status":"publish","type":"post","link":"https:\/\/jugulajm.net\/?p=48407","title":{"rendered":"Greqi\/ Shqiptari d\u00ebnohet me burg se vodhi 7 byrek\u00eb"},"content":{"rendered":"<p>Nj\u00eb 60-vje\u00e7ar shqiptar \u00ebsht\u00eb d\u00ebnuar me kat\u00ebr muaj e dhjet\u00eb dit\u00eb burg n\u00eb Greqi, pasi akuzohet p\u00ebr vjedhjen e shtat\u00eb byrek\u00ebve t\u00eb \u00ebmb\u00ebl n\u00eb nj\u00eb supermarket.<\/p>\n<p>Sipas <a href=\"https:\/\/www.protothema.gr\/greece\/article\/1264822\/tesseris-mines-fulakisi-se-60hrono-giati-eklepse7-bougatses\/\">mediave greke<\/a>\u00a0ngjarja ka ndodhur<span class=\"Apple-converted-space\">\u00a0<\/span>t\u00eb premten e kaluar n\u00eb nj\u00eb supermarket n\u00eb Lagadas, Selanik.<\/p>\n<p>Shqiptari thuhet se ka vjedhur 7 byrek\u00eb t\u00eb \u00ebmb\u00ebl me vler\u00eb totale 15.26 euro, nga t\u00eb cilat nj\u00ebr\u00ebn e futi posht\u00eb rrobave dhe pjes\u00ebn tjet\u00ebr n\u00eb nj\u00eb \u00e7ant\u00eb.<\/p>\n<div class=\"container-wrapper\">\n<div class=\"container\">\n<div class=\"padding-mobile category-body\">\n<div class=\"news-left-block\">\n<div class=\"news-wrapper\">\n<div class=\"content-wrapper\">\n<p class=\"p1\"><span class=\"s1\">Nj\u00eb punonj\u00ebs i biznesit kishte njoftuar policin\u00eb dhe n\u00eb vendngjarje shkuan dy polic\u00eb. <\/span><\/p>\n<p class=\"p1\"><span class=\"s1\">Kur policia ka mb\u00ebrritur n\u00eb supermarket 60-vje\u00e7ari me origjin\u00eb nga Shqip\u00ebria nuk ka pranuar t\u00eb kontrollohet, duke th\u00ebn\u00eb gj\u00ebra t\u00eb pakuptueshme.<\/span><\/p>\n<p class=\"p1\"><span class=\"s1\">Avokati i 60-vje\u00e7arit tha se vjedhja e tij \u00ebsht\u00eb kryer pa vet\u00ebdije t\u00eb plot\u00eb, pasi p\u00ebrmendi nj\u00eb problem q\u00eb i kishte ndodhur vitet e fundit n\u00eb kok\u00ebn e tij. <\/span><\/p>\n<p class=\"p1\"><span class=\"s1\">Ky pretendim \u00ebsht\u00eb konfirmuar nga i af\u00ebrmi i tij dhe pun\u00ebdh\u00ebn\u00ebsi i tij, t\u00eb cil\u00ebt jan\u00eb marr\u00eb n\u00eb pyetje n\u00eb cil\u00ebsin\u00eb e d\u00ebshmitar\u00ebve.<span class=\"Apple-converted-space\">\u00a0<\/span><\/span><\/p>\n<p class=\"p1\"><span class=\"s1\">Ata deklaruan se i akuzuari ka punuar p\u00ebr m\u00eb shum\u00eb se 25 vjet n\u00eb nj\u00eb fabrik\u00eb djathi, nuk ka shkaktuar asnj\u00ebher\u00eb probleme p\u00ebr policin\u00eb dhe \u00ebsht\u00eb paguar n\u00eb m\u00ebnyr\u00eb t\u00eb k\u00ebnaqshme.<\/span><\/p>\n<p><span class=\"s1\">Shqiptari gjat\u00eb k\u00ebrkimit t\u00eb faljes tha se ai\u00a0<\/span>kishte nd\u00ebrmend t\u2019i paguante byrek\u00ebt.<\/p>\n<p>N\u00eb gjykat\u00eb ai u shpall fajtor, por pasi apeloi vendimin 60-vje\u00e7ari u la i lir\u00eb.<\/p>\n<\/div>\n<\/div>\n<\/div>\n<\/div>\n<\/div>\n<\/div>\n","protected":false},"excerpt":{"rendered":"<p>Nj\u00eb 60-vje\u00e7ar shqiptar \u00ebsht\u00eb d\u00ebnuar me kat\u00ebr muaj e dhjet\u00eb dit\u00eb burg n\u00eb Greqi, pasi akuzohet p\u00ebr vjedhjen e shtat\u00eb byrek\u00ebve t\u00eb \u00ebmb\u00ebl n\u00eb nj\u00eb supermarket. Sipas mediave greke\u00a0ngjarja ka ndodhur\u00a0t\u00eb premten e kaluar n\u00eb nj\u00eb supermarket n\u00eb Lagadas, Selanik. Shqiptari thuhet se ka vjedhur 7 byrek\u00eb t\u00eb \u00ebmb\u00ebl me vler\u00eb totale 15.26 euro, nga [&hellip;]<\/p>\n","protected":false},"author":5,"featured_media":48408,"comment_status":"open","ping_status":"open","sticky":false,"template":"","format":"standard","meta":{"footnotes":""},"categories":[1,6332],"tags":[],"class_list":{"0":"post-48407","1":"post","2":"type-post","3":"status-publish","4":"format-standard","5":"has-post-thumbnail","7":"category-aktualitet","8":"category-te-fundit"},"_links":{"self":[{"href":"https:\/\/jugulajm.net\/index.php?rest_route=\/wp\/v2\/posts\/48407","targetHints":{"allow":["GET"]}}],"collection":[{"href":"https:\/\/jugulajm.net\/index.php?rest_route=\/wp\/v2\/posts"}],"about":[{"href":"https:\/\/jugulajm.net\/index.php?rest_route=\/wp\/v2\/types\/post"}],"author":[{"embeddable":true,"href":"https:\/\/jugulajm.net\/index.php?rest_route=\/wp\/v2\/users\/5"}],"replies":[{"embeddable":true,"href":"https:\/\/jugulajm.net\/index.php?rest_route=%2Fwp%2Fv2%2Fcomments&post=48407"}],"version-history":[{"count":0,"href":"https:\/\/jugulajm.net\/index.php?rest_route=\/wp\/v2\/posts\/48407\/revisions"}],"wp:featuredmedia":[{"embeddable":true,"href":"https:\/\/jugulajm.net\/index.php?rest_route=\/wp\/v2\/media\/48408"}],"wp:attachment":[{"href":"https:\/\/jugulajm.net\/index.php?rest_route=%2Fwp%2Fv2%2Fmedia&parent=48407"}],"wp:term":[{"taxonomy":"category","embeddable":true,"href":"https:\/\/jugulajm.net\/index.php?rest_route=%2Fwp%2Fv2%2Fcategories&post=48407"},{"taxonomy":"post_tag","embeddable":true,"href":"https:\/\/jugulajm.net\/index.php?rest_route=%2Fwp%2Fv2%2Ftags&post=48407"}],"curies":[{"name":"wp","href":"https:\/\/api.w.org\/{rel}","templated":true}]}}