{"id":48371,"date":"2022-07-14T08:35:28","date_gmt":"2022-07-14T06:35:28","guid":{"rendered":"https:\/\/jugulajm.net\/?p=48371"},"modified":"2022-07-14T11:19:10","modified_gmt":"2022-07-14T09:19:10","slug":"komiteti-i-disiplines-gati-te-ndeshkoje-eni-cobanin-theu-bojkotin-e-avokateve-ne-permet","status":"publish","type":"post","link":"https:\/\/jugulajm.net\/?p=48371","title":{"rendered":"Komiteti i Disiplin\u00ebs gati t\u00eb nd\u00ebshkoj\u00eb Eni \u00c7obanin, theu bojkotin e avokat\u00ebve n\u00eb P\u00ebrmet"},"content":{"rendered":"<p>Avokatja e &#8221;Shihemi ne Gjyq&#8221; ne tv klan Eni \u00c7obani, ka thyer bojkotin e avokat\u00ebve.<\/p>\n<p>Burime b\u00ebjn\u00eb t\u00eb ditur se \u00c7obani ka marr\u00eb pjes\u00eb n\u00eb nj\u00eb seanc\u00eb gjyq\u00ebsore n\u00eb Gjykat\u00ebn e Faktit ne P\u00ebrmet.<\/p>\n<p>Ky vendim i Eni \u00c7obanit bie n\u00eb kund\u00ebrshtim me Dhom\u00ebn e Avokatis\u00eb, pasi avokat\u00ebt n\u00eb t\u00eb gjith\u00eb vendin kan\u00eb 1 muaj q\u00eb po bojkotojn\u00eb seancat, n\u00eb kund\u00ebrshtim t\u00eb hart\u00ebs s\u00eb re gjyq\u00ebsore.<\/p>\n<p>Avokat\u00ebt e P\u00ebrmetit jan\u00eb p\u00ebrplasur me avokaten \u00c7obani n\u00eb hyrje t\u00eb gjykat\u00ebs, por ajo ka hyr\u00eb n\u00eb godin\u00eb duke thyer bojkotin.<\/p>\n<p>Dhoma e Avokatis\u00eb n\u00eb Gjirokast\u00ebr, ku pjes\u00eb jan\u00eb edhe avokat\u00ebt e P\u00ebrmetit, ka siguruar procesverbalin e seanc\u00ebs gjyq\u00ebsore n\u00eb Gjykat\u00ebn e P\u00ebrmetit dhe i ka d\u00ebrguar Komitetit t\u00eb Disiplin\u00ebs t\u00eb Dhom\u00ebs Komb\u00ebtare t\u00eb Avokatis\u00eb n\u00eb Tiran\u00eb nj\u00eb ankes\u00eb ku i k\u00ebrkohet marrja e masave ndaj Eni \u00c7obanit me heqjen e licens\u00ebs.<\/p>\n<p><img loading=\"lazy\" loading=\"lazy\" decoding=\"async\" class=\"alignnone size-medium wp-image-1307100\" src=\"https:\/\/abcnews.al\/wp-content\/uploads\/2022\/07\/62cf2c7cebeb7dokument-1-1-640x855.jpeg\" sizes=\"auto, (max-width: 640px) 100vw, 640px\" srcset=\"https:\/\/abcnews.al\/wp-content\/uploads\/2022\/07\/62cf2c7cebeb7dokument-1-1-640x855.jpeg 640w, https:\/\/abcnews.al\/wp-content\/uploads\/2022\/07\/62cf2c7cebeb7dokument-1-1.jpeg 868w\" alt=\"\" width=\"640\" height=\"855\" \/><\/p>\n","protected":false},"excerpt":{"rendered":"<p>Avokatja e &#8221;Shihemi ne Gjyq&#8221; ne tv klan Eni \u00c7obani, ka thyer bojkotin e avokat\u00ebve. Burime b\u00ebjn\u00eb t\u00eb ditur se \u00c7obani ka marr\u00eb pjes\u00eb n\u00eb nj\u00eb seanc\u00eb gjyq\u00ebsore n\u00eb Gjykat\u00ebn e Faktit ne P\u00ebrmet. Ky vendim i Eni \u00c7obanit bie n\u00eb kund\u00ebrshtim me Dhom\u00ebn e Avokatis\u00eb, pasi avokat\u00ebt n\u00eb t\u00eb gjith\u00eb vendin kan\u00eb 1 muaj [&hellip;]<\/p>\n","protected":false},"author":5,"featured_media":48372,"comment_status":"open","ping_status":"open","sticky":false,"template":"","format":"standard","meta":{"footnotes":""},"categories":[1,6332],"tags":[],"class_list":{"0":"post-48371","1":"post","2":"type-post","3":"status-publish","4":"format-standard","5":"has-post-thumbnail","7":"category-aktualitet","8":"category-te-fundit"},"_links":{"self":[{"href":"https:\/\/jugulajm.net\/index.php?rest_route=\/wp\/v2\/posts\/48371","targetHints":{"allow":["GET"]}}],"collection":[{"href":"https:\/\/jugulajm.net\/index.php?rest_route=\/wp\/v2\/posts"}],"about":[{"href":"https:\/\/jugulajm.net\/index.php?rest_route=\/wp\/v2\/types\/post"}],"author":[{"embeddable":true,"href":"https:\/\/jugulajm.net\/index.php?rest_route=\/wp\/v2\/users\/5"}],"replies":[{"embeddable":true,"href":"https:\/\/jugulajm.net\/index.php?rest_route=%2Fwp%2Fv2%2Fcomments&post=48371"}],"version-history":[{"count":0,"href":"https:\/\/jugulajm.net\/index.php?rest_route=\/wp\/v2\/posts\/48371\/revisions"}],"wp:featuredmedia":[{"embeddable":true,"href":"https:\/\/jugulajm.net\/index.php?rest_route=\/wp\/v2\/media\/48372"}],"wp:attachment":[{"href":"https:\/\/jugulajm.net\/index.php?rest_route=%2Fwp%2Fv2%2Fmedia&parent=48371"}],"wp:term":[{"taxonomy":"category","embeddable":true,"href":"https:\/\/jugulajm.net\/index.php?rest_route=%2Fwp%2Fv2%2Fcategories&post=48371"},{"taxonomy":"post_tag","embeddable":true,"href":"https:\/\/jugulajm.net\/index.php?rest_route=%2Fwp%2Fv2%2Ftags&post=48371"}],"curies":[{"name":"wp","href":"https:\/\/api.w.org\/{rel}","templated":true}]}}