{"id":48065,"date":"2022-07-03T10:52:28","date_gmt":"2022-07-03T08:52:28","guid":{"rendered":"https:\/\/jugulajm.net\/?p=48065"},"modified":"2022-07-03T10:52:28","modified_gmt":"2022-07-03T08:52:28","slug":"sarande-u-hodh-me-foshnjen-nga-kati-i-dyte-i-maternitetit-flet-mjeku-i-spitalit","status":"publish","type":"post","link":"https:\/\/jugulajm.net\/?p=48065","title":{"rendered":"Sarand\u00eb\/ U hodh me foshnj\u00ebn nga kati i dyt\u00eb i maternitetit, flet mjeku i spitalit&#8230;"},"content":{"rendered":"<p>Nj\u00eb dit\u00eb pas ngjarjes s\u00eb r\u00ebnd\u00eb t\u00eb regjistruar n\u00eb Sarand\u00eb, ku nj\u00eb n\u00ebn\u00eb u hodh nga kati i dyt\u00eb me foshnj\u00ebn e porsalindur, spitali i Sarand\u00ebs ka dh\u00ebn\u00eb detaje rreth gjendjes s\u00eb tyre sh\u00ebndet\u00ebsore.<\/p>\n<p>Mjeku Tajar Lako u shpreh se n\u00ebna kishte tentuar t\u00eb arratisej nga spitali duke lidhur foshnj\u00ebn n\u00eb pjes\u00ebn e gjoksit dhe t\u00eb barkut.<\/p>\n<p><em>\u201cN\u00eb dat\u00ebn 28 qershor rreth or\u00ebs 02.20 ka lindur nga nj\u00eb lindje normale. \u00cbsht\u00eb f\u00ebmija i gjasht\u00eb. Lindja ka ecur shum\u00eb mir\u00eb dhe ka vazhduar n\u00eb dit\u00ebt n\u00eb vazhdim trajtimi i n\u00ebn\u00ebs dhe f\u00ebmij\u00ebs nga mjek\u00ebt p\u00ebrkat\u00ebs dhe \u00e7do gj\u00eb n\u00eb sh\u00ebndetin e tyre ishte normale. Q\u00eb dit\u00ebn e tret\u00eb duke\u00a0 par\u00eb kushtet e n\u00ebn\u00ebs q\u00eb duket pak me prapambetje burrin e saj nuk mund ta gjenim se nuk vinte n\u00eb spital u thash\u00eb infermiereve q\u00eb n\u00ebse shihnin burrin e saj t\u00eb vinte n\u00eb maternitet ai t\u00eb kontaktonte me mua.<\/em><\/p>\n<p>Mjeku tregoi p\u00ebr mediet se nuk mund ta nxirrnin f\u00ebmij\u00ebn nga spitali, pasi nuk e dinin se n\u00eb \u00e7far\u00eb kushte jetonin.<\/p>\n<p><em>\u201cI gjith\u00eb stafi ka qen\u00eb i p\u00ebrkushtuar p\u00ebr rastin me qum\u00ebsht, me rroba p\u00ebr f\u00ebmij\u00ebn, t\u00eb siguruara nga spitali. Duke qen\u00eb se k\u00ebta jan\u00eb t\u00eb ardhur n\u00eb qytet n\u00eb sezon thjesht p\u00ebr t\u00eb lypur at\u00ebher\u00eb un\u00eb nuk mund ta nxirrja f\u00ebmij\u00ebn nga materniteti se nuk dija kushtet e banimit dhe ku t\u2019i shpinim\u201d,\u00a0thot\u00eb mjeku.<\/em><\/p>\n<p>Ai shton se ka komunikuar me drejtorin e spitalit dhe m\u00eb pas i kan\u00eb nisur nj\u00eb shkres\u00eb zyr\u00ebs s\u00eb sh\u00ebrbimit social, ku kan\u00eb m\u00ebsuar se adresa e familjes n\u00eb fjal\u00eb ishte her\u00eb n\u00eb n\u00eb Durr\u00ebs, her\u00eb n\u00eb Berat her\u00eb n\u00eb Gjirokast\u00ebr.<\/p>\n<p><em>\u201cI ndodhur n\u00eb k\u00ebto kushte komunikoj me drejtorin e spitalit dhe i nisim bashkis\u00eb nj\u00eb shkres\u00eb zyr\u00ebs s\u00eb sh\u00ebrbimit social, madje edhe gojarisht ka folur p\u00ebr rastin edhe shefja e burimeve njer\u00ebzore dhe p\u00ebrgjigja e tyre ishte se adresa e tyre rezultonte her\u00eb n\u00eb Durr\u00ebs, her\u00eb n\u00eb Berat her\u00eb n\u00eb Gjirokast\u00ebr dhe ne nuk kishim siguri se ku dhe ishim n\u00eb pritje p\u00ebr t\u00eb marr\u00eb nj\u00eb adres\u00eb t\u00eb sakt\u00eb se ku mund t\u2019i \u00e7onim.<\/em><\/p>\n<p>Ai dha lajmin e mir\u00eb se foshnja dhe n\u00ebna g\u00ebzojn\u00eb sh\u00ebndet t\u00eb plot\u00eb.<\/p>\n<p><em>\u201cKjo p\u00ebr arsye se un\u00eb nj\u00eb f\u00ebmij\u00eb dy-tre dit\u00ebsh q\u00eb ta nxirrja n\u00eb rrug\u00eb me temperaturat 40 t\u00eb dit\u00ebs apo t\u00eb ftohta t\u00eb nat\u00ebs, pasi k\u00ebta nuk kan\u00eb banes\u00eb, nuk mund ta nxirrja. Tani me n\u00ebn\u00ebn merret mjeku gjinekolog, mjeku ortoped, reanimatori nd\u00ebrsa un\u00eb merrem me trajtimin e foshnj\u00ebs. Foshnja g\u00ebzon sh\u00ebndet\u201d, shprehet ai.<\/em><\/p>\n<p>N\u00eb gjykimin e tij, n\u00ebna nuk ka tentuar t\u00eb vet\u00ebvritet, por t\u00eb arratiset.<\/p>\n<p><em>\u201cNuk pati gj\u00eb se n\u00ebna pasi \u00ebsht\u00eb kacavjerr\u00eb nga dritarja n\u00eb shesh \u00ebsht\u00eb gjetur q\u00eb e kishte f\u00ebmij\u00ebn t\u00eb lidhur tek gjoksi dhe barku p\u00ebr ta mbrojtur. Nga \u00e7far\u00eb shihet k\u00ebtu nuk ka pasur tentativ\u00eb t\u00eb n\u00ebn\u00ebs p\u00ebr t\u2019u vet\u00ebvrar\u00eb por tentativ\u00eb p\u00ebr t\u2019u larguar nga spitali\u201d thot\u00eb mjeku pediat\u00ebr Tajar Lako.<\/em><\/p>\n","protected":false},"excerpt":{"rendered":"<p>Nj\u00eb dit\u00eb pas ngjarjes s\u00eb r\u00ebnd\u00eb t\u00eb regjistruar n\u00eb Sarand\u00eb, ku nj\u00eb n\u00ebn\u00eb u hodh nga kati i dyt\u00eb me foshnj\u00ebn e porsalindur, spitali i Sarand\u00ebs ka dh\u00ebn\u00eb detaje rreth gjendjes s\u00eb tyre sh\u00ebndet\u00ebsore. Mjeku Tajar Lako u shpreh se n\u00ebna kishte tentuar t\u00eb arratisej nga spitali duke lidhur foshnj\u00ebn n\u00eb pjes\u00ebn e gjoksit dhe [&hellip;]<\/p>\n","protected":false},"author":5,"featured_media":48066,"comment_status":"open","ping_status":"open","sticky":false,"template":"","format":"standard","meta":{"footnotes":""},"categories":[1,6332],"tags":[],"class_list":{"0":"post-48065","1":"post","2":"type-post","3":"status-publish","4":"format-standard","5":"has-post-thumbnail","7":"category-aktualitet","8":"category-te-fundit"},"_links":{"self":[{"href":"https:\/\/jugulajm.net\/index.php?rest_route=\/wp\/v2\/posts\/48065","targetHints":{"allow":["GET"]}}],"collection":[{"href":"https:\/\/jugulajm.net\/index.php?rest_route=\/wp\/v2\/posts"}],"about":[{"href":"https:\/\/jugulajm.net\/index.php?rest_route=\/wp\/v2\/types\/post"}],"author":[{"embeddable":true,"href":"https:\/\/jugulajm.net\/index.php?rest_route=\/wp\/v2\/users\/5"}],"replies":[{"embeddable":true,"href":"https:\/\/jugulajm.net\/index.php?rest_route=%2Fwp%2Fv2%2Fcomments&post=48065"}],"version-history":[{"count":0,"href":"https:\/\/jugulajm.net\/index.php?rest_route=\/wp\/v2\/posts\/48065\/revisions"}],"wp:featuredmedia":[{"embeddable":true,"href":"https:\/\/jugulajm.net\/index.php?rest_route=\/wp\/v2\/media\/48066"}],"wp:attachment":[{"href":"https:\/\/jugulajm.net\/index.php?rest_route=%2Fwp%2Fv2%2Fmedia&parent=48065"}],"wp:term":[{"taxonomy":"category","embeddable":true,"href":"https:\/\/jugulajm.net\/index.php?rest_route=%2Fwp%2Fv2%2Fcategories&post=48065"},{"taxonomy":"post_tag","embeddable":true,"href":"https:\/\/jugulajm.net\/index.php?rest_route=%2Fwp%2Fv2%2Ftags&post=48065"}],"curies":[{"name":"wp","href":"https:\/\/api.w.org\/{rel}","templated":true}]}}