{"id":47847,"date":"2022-06-27T08:56:00","date_gmt":"2022-06-27T06:56:00","guid":{"rendered":"https:\/\/jugulajm.net\/?p=47847"},"modified":"2022-06-27T09:00:18","modified_gmt":"2022-06-27T07:00:18","slug":"video-rama-e-nis-javen-me-pamje-nga-kalaja-magjepsese-e-gjirokastres","status":"publish","type":"post","link":"https:\/\/jugulajm.net\/?p=47847","title":{"rendered":"VIDEO\/ Rama e nis jav\u00ebn me pamje nga Kalaja magjeps\u00ebse e Gjirokastr\u00ebs"},"content":{"rendered":"<p>Kryeministri Edi Rama e ka nisur dit\u00ebn me pamje nga Kalaja e Gjirokastr\u00ebs.<\/p>\n<p>Kreu i qeveris\u00eb poston video nga punimet p\u00ebr restaurimin dhe konservimin arkitekturor t\u00eb k\u00ebtij objekti, teksa u uron qytetar\u00ebve nj\u00eb jav\u00eb t\u00eb mbar\u00eb.<\/p>\n<p>\u201cMIR\u00cbM\u00cbNGJES \ud83d\ude0a\u00a0dhe me k\u00ebto pamje nga Kalaja magjeps\u00ebse e Gjirokastr\u00ebs, ku punohet p\u00ebr restaurimin dhe konservimin arkitekturor t\u00eb k\u00ebtij objekti me pesh\u00eb t\u00eb ve\u00e7ant\u00eb n\u00eb thesarin e trash\u00ebgimis\u00eb son\u00eb historike e kulturore, ju uroj nj\u00eb jav\u00eb t\u00eb mbar\u00eb\ud83d\ude4f\u201d shkruan Rama.<\/p>\n<div style=\"width: 426px;\" class=\"wp-video\"><!--[if lt IE 9]><script>document.createElement('video');<\/script><![endif]-->\n<video class=\"wp-video-shortcode\" id=\"video-47847-1\" width=\"426\" height=\"240\" preload=\"metadata\" controls=\"controls\"><source type=\"video\/mp4\" src=\"https:\/\/jugulajm.net\/wp-content\/uploads\/2022\/06\/290633619_136750738990086_1333231826084022371_n.mp4?_=1\" \/><a href=\"https:\/\/jugulajm.net\/wp-content\/uploads\/2022\/06\/290633619_136750738990086_1333231826084022371_n.mp4\">https:\/\/jugulajm.net\/wp-content\/uploads\/2022\/06\/290633619_136750738990086_1333231826084022371_n.mp4<\/a><\/video><\/div>\n","protected":false},"excerpt":{"rendered":"<p>Kryeministri Edi Rama e ka nisur dit\u00ebn me pamje nga Kalaja e Gjirokastr\u00ebs. Kreu i qeveris\u00eb poston video nga punimet p\u00ebr restaurimin dhe konservimin arkitekturor t\u00eb k\u00ebtij objekti, teksa u uron qytetar\u00ebve nj\u00eb jav\u00eb t\u00eb mbar\u00eb. \u201cMIR\u00cbM\u00cbNGJES \ud83d\ude0a\u00a0dhe me k\u00ebto pamje nga Kalaja magjeps\u00ebse e Gjirokastr\u00ebs, ku punohet p\u00ebr restaurimin dhe konservimin arkitekturor t\u00eb k\u00ebtij [&hellip;]<\/p>\n","protected":false},"author":5,"featured_media":47851,"comment_status":"open","ping_status":"open","sticky":false,"template":"","format":"standard","meta":{"footnotes":""},"categories":[6326,6332],"tags":[],"class_list":{"0":"post-47847","1":"post","2":"type-post","3":"status-publish","4":"format-standard","5":"has-post-thumbnail","7":"category-politike","8":"category-te-fundit"},"_links":{"self":[{"href":"https:\/\/jugulajm.net\/index.php?rest_route=\/wp\/v2\/posts\/47847","targetHints":{"allow":["GET"]}}],"collection":[{"href":"https:\/\/jugulajm.net\/index.php?rest_route=\/wp\/v2\/posts"}],"about":[{"href":"https:\/\/jugulajm.net\/index.php?rest_route=\/wp\/v2\/types\/post"}],"author":[{"embeddable":true,"href":"https:\/\/jugulajm.net\/index.php?rest_route=\/wp\/v2\/users\/5"}],"replies":[{"embeddable":true,"href":"https:\/\/jugulajm.net\/index.php?rest_route=%2Fwp%2Fv2%2Fcomments&post=47847"}],"version-history":[{"count":0,"href":"https:\/\/jugulajm.net\/index.php?rest_route=\/wp\/v2\/posts\/47847\/revisions"}],"wp:featuredmedia":[{"embeddable":true,"href":"https:\/\/jugulajm.net\/index.php?rest_route=\/wp\/v2\/media\/47851"}],"wp:attachment":[{"href":"https:\/\/jugulajm.net\/index.php?rest_route=%2Fwp%2Fv2%2Fmedia&parent=47847"}],"wp:term":[{"taxonomy":"category","embeddable":true,"href":"https:\/\/jugulajm.net\/index.php?rest_route=%2Fwp%2Fv2%2Fcategories&post=47847"},{"taxonomy":"post_tag","embeddable":true,"href":"https:\/\/jugulajm.net\/index.php?rest_route=%2Fwp%2Fv2%2Ftags&post=47847"}],"curies":[{"name":"wp","href":"https:\/\/api.w.org\/{rel}","templated":true}]}}