{"id":47529,"date":"2022-06-16T13:04:10","date_gmt":"2022-06-16T11:04:10","guid":{"rendered":"https:\/\/jugulajm.net\/?p=47529"},"modified":"2022-06-16T13:04:10","modified_gmt":"2022-06-16T11:04:10","slug":"ku-eshte-vajza-me-syze-e-ofl-cuci-eshte-keshilltare-e-kabinetit-tim","status":"publish","type":"post","link":"https:\/\/jugulajm.net\/?p=47529","title":{"rendered":"Ku \u00ebsht\u00eb vajza me syze e OFL? \u00c7u\u00e7i: \u00cbsht\u00eb k\u00ebshilltare e kabinetit tim"},"content":{"rendered":"<p>N\u00eb interpelanc\u00ebn me ministrin Bledi \u00c7u\u00e7i, deputeti Ervin Salinanji ngriti pyetjen se ku ndodhet se ku ndodhet z\u00ebdh\u00ebn\u00ebsja e OFL-s\u00eb q\u00eb u etiketua si \u201cvajza me syze\u201d. \u00c7u\u00e7i tregoi se aktualisht \u00ebsht\u00eb k\u00ebshilltare n\u00eb kabinetin e ministrit t\u00eb Brendsh\u00ebm.<\/p>\n<p>Tani p\u00ebr respektin ndaj njer\u00ebzve dhe ve\u00e7an\u00ebrisht ndaj ruajtjes s\u00eb balancave gjinore besoj se k\u00ebtu jemi vite larg. Ajo q\u00eb quan vajza me syze sot \u00ebsht\u00eb k\u00ebshilltare n\u00eb kabinetin e ministrit t\u00eb Brendsh\u00ebm.<\/p>\n<p>N\u00eb lidhje se ku e kemi \u00e7uar ne sigurin\u00eb, mund t\u00eb b\u00ebni rolin e spikerit t\u00eb kronik\u00ebs s\u00eb zez\u00eb, por se ku e kemi \u00e7uar ne Shqip\u00ebrin\u00eb e din\u00eb shqiptar\u00ebt. Shqip\u00ebria \u00ebsht\u00eb n\u00eb pik\u00ebn m\u00eb t\u00eb lart\u00eb t\u00eb siguris\u00eb.<\/p>\n<p>Shqip\u00ebria \u00ebsht\u00eb nj\u00eb vend \u00a0ku organizohen evente evropiane, ku numri i turist\u00ebve rritet me her\u00eb nga viti n\u00eb vit, investimet rriten. K\u00ebto ndodhin p\u00ebr shkak t\u00eb siguris\u00eb\u201d, tha \u00c7u\u00e7i.<\/p>\n","protected":false},"excerpt":{"rendered":"<p>N\u00eb interpelanc\u00ebn me ministrin Bledi \u00c7u\u00e7i, deputeti Ervin Salinanji ngriti pyetjen se ku ndodhet se ku ndodhet z\u00ebdh\u00ebn\u00ebsja e OFL-s\u00eb q\u00eb u etiketua si \u201cvajza me syze\u201d. \u00c7u\u00e7i tregoi se aktualisht \u00ebsht\u00eb k\u00ebshilltare n\u00eb kabinetin e ministrit t\u00eb Brendsh\u00ebm. Tani p\u00ebr respektin ndaj njer\u00ebzve dhe ve\u00e7an\u00ebrisht ndaj ruajtjes s\u00eb balancave gjinore besoj se k\u00ebtu jemi [&hellip;]<\/p>\n","protected":false},"author":5,"featured_media":47530,"comment_status":"open","ping_status":"open","sticky":false,"template":"","format":"standard","meta":{"footnotes":""},"categories":[1,6332],"tags":[],"class_list":{"0":"post-47529","1":"post","2":"type-post","3":"status-publish","4":"format-standard","5":"has-post-thumbnail","7":"category-aktualitet","8":"category-te-fundit"},"_links":{"self":[{"href":"https:\/\/jugulajm.net\/index.php?rest_route=\/wp\/v2\/posts\/47529","targetHints":{"allow":["GET"]}}],"collection":[{"href":"https:\/\/jugulajm.net\/index.php?rest_route=\/wp\/v2\/posts"}],"about":[{"href":"https:\/\/jugulajm.net\/index.php?rest_route=\/wp\/v2\/types\/post"}],"author":[{"embeddable":true,"href":"https:\/\/jugulajm.net\/index.php?rest_route=\/wp\/v2\/users\/5"}],"replies":[{"embeddable":true,"href":"https:\/\/jugulajm.net\/index.php?rest_route=%2Fwp%2Fv2%2Fcomments&post=47529"}],"version-history":[{"count":0,"href":"https:\/\/jugulajm.net\/index.php?rest_route=\/wp\/v2\/posts\/47529\/revisions"}],"wp:featuredmedia":[{"embeddable":true,"href":"https:\/\/jugulajm.net\/index.php?rest_route=\/wp\/v2\/media\/47530"}],"wp:attachment":[{"href":"https:\/\/jugulajm.net\/index.php?rest_route=%2Fwp%2Fv2%2Fmedia&parent=47529"}],"wp:term":[{"taxonomy":"category","embeddable":true,"href":"https:\/\/jugulajm.net\/index.php?rest_route=%2Fwp%2Fv2%2Fcategories&post=47529"},{"taxonomy":"post_tag","embeddable":true,"href":"https:\/\/jugulajm.net\/index.php?rest_route=%2Fwp%2Fv2%2Ftags&post=47529"}],"curies":[{"name":"wp","href":"https:\/\/api.w.org\/{rel}","templated":true}]}}