{"id":47504,"date":"2022-06-15T16:52:08","date_gmt":"2022-06-15T14:52:08","guid":{"rendered":"https:\/\/jugulajm.net\/?p=47504"},"modified":"2022-06-18T08:11:59","modified_gmt":"2022-06-18T06:11:59","slug":"foto-behet-lemsh-zelensky-ramen-e-quan-kryeminister-te-malit-te-zi","status":"publish","type":"post","link":"https:\/\/jugulajm.net\/?p=47504","title":{"rendered":"FOTO\/ B\u00ebhet &#8220;l\u00ebmsh&#8221; Zelensky, e quan Ram\u00ebn kryeminist\u00ebr t\u00eb Malit t\u00eb Zi"},"content":{"rendered":"<p>KryeministriEdi Rama ndodhet sot n\u00eb Ukrain\u00eb, n\u00eb shtetin, i cili q\u00eb prej dat\u00ebs 24 shkurt ka qen\u00eb n\u00eb qend\u00ebr t\u00eb t\u00eb gjith\u00ebve p\u00ebr shkak t\u00eb luft\u00ebs me Rusin\u00eb. Pak minuta m\u00eb par\u00eb ai \u00ebsht\u00eb takuar me presidentin e Ukrain\u00ebs, i cili mesa duket nuk e njeh fare Ram\u00ebn.<\/p>\n<p>Si\u00e7 shihet nga postimi n\u00eb Facebookun e Volodymyr Zelenskyt, ai e prezanton Ram\u00ebn si kryeministrin e Malit t\u00eb Zi, nd\u00ebrsa Abazovi\u00e7in si kryeministrin e Shqip\u00ebris\u00eb.<\/p>\n<p><img loading=\"lazy\" loading=\"lazy\" decoding=\"async\" class=\"alignnone size-full wp-image-47506\" src=\"https:\/\/jugulajm.net\/wp-content\/uploads\/2022\/06\/gdfhfdfghfhf.png\" alt=\"\" width=\"742\" height=\"650\" srcset=\"https:\/\/jugulajm.net\/wp-content\/uploads\/2022\/06\/gdfhfdfghfhf.png 742w, https:\/\/jugulajm.net\/wp-content\/uploads\/2022\/06\/gdfhfdfghfhf-696x610.png 696w, https:\/\/jugulajm.net\/wp-content\/uploads\/2022\/06\/gdfhfdfghfhf-479x420.png 479w\" sizes=\"auto, (max-width: 742px) 100vw, 742px\" \/><\/p>\n","protected":false},"excerpt":{"rendered":"<p>KryeministriEdi Rama ndodhet sot n\u00eb Ukrain\u00eb, n\u00eb shtetin, i cili q\u00eb prej dat\u00ebs 24 shkurt ka qen\u00eb n\u00eb qend\u00ebr t\u00eb t\u00eb gjith\u00ebve p\u00ebr shkak t\u00eb luft\u00ebs me Rusin\u00eb. Pak minuta m\u00eb par\u00eb ai \u00ebsht\u00eb takuar me presidentin e Ukrain\u00ebs, i cili mesa duket nuk e njeh fare Ram\u00ebn. Si\u00e7 shihet nga postimi n\u00eb Facebookun e [&hellip;]<\/p>\n","protected":false},"author":5,"featured_media":47507,"comment_status":"open","ping_status":"open","sticky":false,"template":"","format":"standard","meta":{"footnotes":""},"categories":[1,6326,6332],"tags":[],"class_list":{"0":"post-47504","1":"post","2":"type-post","3":"status-publish","4":"format-standard","5":"has-post-thumbnail","7":"category-aktualitet","8":"category-politike","9":"category-te-fundit"},"_links":{"self":[{"href":"https:\/\/jugulajm.net\/index.php?rest_route=\/wp\/v2\/posts\/47504","targetHints":{"allow":["GET"]}}],"collection":[{"href":"https:\/\/jugulajm.net\/index.php?rest_route=\/wp\/v2\/posts"}],"about":[{"href":"https:\/\/jugulajm.net\/index.php?rest_route=\/wp\/v2\/types\/post"}],"author":[{"embeddable":true,"href":"https:\/\/jugulajm.net\/index.php?rest_route=\/wp\/v2\/users\/5"}],"replies":[{"embeddable":true,"href":"https:\/\/jugulajm.net\/index.php?rest_route=%2Fwp%2Fv2%2Fcomments&post=47504"}],"version-history":[{"count":0,"href":"https:\/\/jugulajm.net\/index.php?rest_route=\/wp\/v2\/posts\/47504\/revisions"}],"wp:featuredmedia":[{"embeddable":true,"href":"https:\/\/jugulajm.net\/index.php?rest_route=\/wp\/v2\/media\/47507"}],"wp:attachment":[{"href":"https:\/\/jugulajm.net\/index.php?rest_route=%2Fwp%2Fv2%2Fmedia&parent=47504"}],"wp:term":[{"taxonomy":"category","embeddable":true,"href":"https:\/\/jugulajm.net\/index.php?rest_route=%2Fwp%2Fv2%2Fcategories&post=47504"},{"taxonomy":"post_tag","embeddable":true,"href":"https:\/\/jugulajm.net\/index.php?rest_route=%2Fwp%2Fv2%2Ftags&post=47504"}],"curies":[{"name":"wp","href":"https:\/\/api.w.org\/{rel}","templated":true}]}}