{"id":47443,"date":"2022-06-13T12:43:39","date_gmt":"2022-06-13T10:43:39","guid":{"rendered":"https:\/\/jugulajm.net\/?p=47443"},"modified":"2022-06-13T12:43:39","modified_gmt":"2022-06-13T10:43:39","slug":"vjosa-park-kombetar-rama-ironizon-aktorin-di-caprio","status":"publish","type":"post","link":"https:\/\/jugulajm.net\/?p=47443","title":{"rendered":"Vjosa, Park Komb\u00ebtar\/ Rama ironizon aktorin Di Caprio"},"content":{"rendered":"<p>Kryeministri Edi Rama mori pjes\u00eb n\u00eb ceremonin\u00eb e n\u00ebnshkrimit t\u00eb memorandumit t\u00eb bashk\u00ebpunimit me organizat\u00ebn mjedisore globale \u201cPatagonia\u201d, p\u00ebr t\u00eb nisur pun\u00ebn p\u00ebr shpalljen e lumit Vjosa, Park Komb\u00ebtar. Gjat\u00eb fjal\u00ebs s\u00eb tij, kryeministri tha se sot \u00ebsht\u00eb dita p\u00ebr t\u00eb marr\u00eb pak hak me k\u00ebt\u00eb histori. Rama tha se pavar\u00ebsisht faktit q\u00eb lumi shtrihet n\u00eb nj\u00eb hap\u00ebsir\u00eb tep\u00ebr t\u00eb madhe gjeografike, q\u00eb prek jet\u00ebt e shum\u00eb fshatrave dhe qyteteve, n\u00eb hap\u00ebsir\u00ebn rreth saj nuk do t\u00eb lejohet ngritja e bizneseve q\u00eb e cenojn\u00eb at\u00eb dhe se ishte fakt q\u00eb qeveria e tij po e b\u00ebnte Vjos\u00ebn zon\u00eb t\u00eb mbrojtur.<\/p>\n<p>\u201cSot \u00ebsht\u00eb dita p\u00ebr t\u00eb marr\u00eb pak hak me th\u00ebn\u00eb t\u00eb drejt\u00ebn, \u00ebsht\u00eb nj\u00eb histori q\u00eb ka pasur dhe nj\u00eb aspekt t\u00eb lidhur me pav\u00ebrtet\u00ebsin\u00eb dhe hipokrizin\u00eb, pasi ne e vendos\u00ebm Vjos\u00ebn n\u00eb mbrojtje e ky \u00ebsht\u00eb fakt i shkruar.Na thon\u00eb q\u00eb Vjosa \u00ebsht\u00eb lumi i fundit i eg\u00ebr i Europ\u00ebs, b\u00ebjn\u00eb sikur harrojn\u00eb q\u00eb lumenjt\u00eb e tjer\u00eb t\u00eb eg\u00ebr i kan\u00eb zbutur p\u00ebr veten e tyre. Kurse k\u00ebtu e duan t\u00eb eg\u00ebr. Ne nuk jemi kund\u00ebr, por k\u00ebta q\u00eb e duan Vjos\u00ebn t\u00eb eg\u00ebr, duhet t\u00eb keni parasysh q\u00eb nuk mund t\u00eb nd\u00ebrtojm\u00eb nj\u00eb rezervat ku edhe njer\u00ebzit t\u2019i eg\u00ebrsojm\u00eb p\u00ebr t\u2019ia p\u00ebrshtatur k\u00ebnaq\u00ebsis\u00eb s\u00eb tyre p\u00ebr nj\u00eb lum t\u00eb eg\u00ebr n\u00eb Europ\u00eb, por t\u00eb nd\u00ebrtojm\u00eb nj\u00eb hap\u00ebsir\u00eb p\u00ebr nj\u00eb zhvillim q\u00eb mbron mjedisin dhe nj\u00ebkoh\u00ebsisht ushqen sh\u00ebndetsh\u00ebm gjeneratat q\u00eb do t\u2019ia l\u00ebn\u00eb Vjos\u00ebn trash\u00ebgim nj\u00ebra pas tjetr\u00ebs. Vjosa \u00ebsht\u00eb eg\u00ebrsira e fundit lumore q\u00eb nuk do t\u00eb hyj\u00eb n\u00eb cirkun e kafsh\u00ebve t\u00eb zbutura t\u00eb sistemit energjetik t\u00eb Europ\u00ebs. T\u00eb gjith\u00eb lumenjt\u00eb e tjer\u00eb jan\u00eb b\u00ebr\u00eb si ata qent\u00eb dhe macet e cirkut q\u00eb prodhojn\u00eb energji\u201d, tha Rama.<\/p>\n<p>Kryeqeveritari nuk mund t\u00eb rrinte pa thumbuar aktorin me fam\u00eb komb\u00ebtare Leonardo DiCaprio duke th\u00ebn\u00eb se gjeti koh\u00eb p\u00ebr t\u00eb kritikuar qeverin\u00eb por jo p\u00ebr ta mb\u00ebshtetur.<\/p>\n<p>\u201cM\u00eb kan\u00eb sh\u00ebnuar di\u00e7ka p\u00ebr Leo Di Caprion, por nuk po e them, sepse u b\u00eb i gjall\u00eb p\u00ebr t\u00eb goditur qeverin\u00eb, por jo p\u00ebr ta mb\u00ebshtetur qeverin\u00eb. E ka shok t\u00eb mir\u00eb ministrja e Turizmit, prandaj nuk po i bie m\u00eb shum\u00eb. Mbase k\u00ebto goditjet do t\u2019i shkojn\u00eb n\u00eb vesh, se mund ta kishim lavd\u00ebruar nj\u00eb or\u00eb dhe nuk do ta merrte vesh, mbase duke e shar\u00eb pak do t\u2019ia kapi veshi. Se aty ku t\u00eb lavd\u00ebrojn\u00eb me miliona njer\u00ebz, se t\u00eb lavd\u00ebron edhe nj\u00eb tjet\u00ebr nuk b\u00ebhet lajm. Por kur miliona t\u00eb lavd\u00ebrojn\u00eb dhe t\u00eb thon\u00eb q\u00eb t\u00eb ka shar\u00eb nj\u00ebri, at\u00ebher\u00eb ka t\u00eb ngjar\u00eb q\u00eb t\u00eb zgjohet edhe Nardi\u201d, tha Rama.<\/p>\n","protected":false},"excerpt":{"rendered":"<p>Kryeministri Edi Rama mori pjes\u00eb n\u00eb ceremonin\u00eb e n\u00ebnshkrimit t\u00eb memorandumit t\u00eb bashk\u00ebpunimit me organizat\u00ebn mjedisore globale \u201cPatagonia\u201d, p\u00ebr t\u00eb nisur pun\u00ebn p\u00ebr shpalljen e lumit Vjosa, Park Komb\u00ebtar. Gjat\u00eb fjal\u00ebs s\u00eb tij, kryeministri tha se sot \u00ebsht\u00eb dita p\u00ebr t\u00eb marr\u00eb pak hak me k\u00ebt\u00eb histori. Rama tha se pavar\u00ebsisht faktit q\u00eb lumi shtrihet [&hellip;]<\/p>\n","protected":false},"author":5,"featured_media":47444,"comment_status":"open","ping_status":"open","sticky":false,"template":"","format":"standard","meta":{"footnotes":""},"categories":[6326,6332],"tags":[],"class_list":{"0":"post-47443","1":"post","2":"type-post","3":"status-publish","4":"format-standard","5":"has-post-thumbnail","7":"category-politike","8":"category-te-fundit"},"_links":{"self":[{"href":"https:\/\/jugulajm.net\/index.php?rest_route=\/wp\/v2\/posts\/47443","targetHints":{"allow":["GET"]}}],"collection":[{"href":"https:\/\/jugulajm.net\/index.php?rest_route=\/wp\/v2\/posts"}],"about":[{"href":"https:\/\/jugulajm.net\/index.php?rest_route=\/wp\/v2\/types\/post"}],"author":[{"embeddable":true,"href":"https:\/\/jugulajm.net\/index.php?rest_route=\/wp\/v2\/users\/5"}],"replies":[{"embeddable":true,"href":"https:\/\/jugulajm.net\/index.php?rest_route=%2Fwp%2Fv2%2Fcomments&post=47443"}],"version-history":[{"count":0,"href":"https:\/\/jugulajm.net\/index.php?rest_route=\/wp\/v2\/posts\/47443\/revisions"}],"wp:featuredmedia":[{"embeddable":true,"href":"https:\/\/jugulajm.net\/index.php?rest_route=\/wp\/v2\/media\/47444"}],"wp:attachment":[{"href":"https:\/\/jugulajm.net\/index.php?rest_route=%2Fwp%2Fv2%2Fmedia&parent=47443"}],"wp:term":[{"taxonomy":"category","embeddable":true,"href":"https:\/\/jugulajm.net\/index.php?rest_route=%2Fwp%2Fv2%2Fcategories&post=47443"},{"taxonomy":"post_tag","embeddable":true,"href":"https:\/\/jugulajm.net\/index.php?rest_route=%2Fwp%2Fv2%2Ftags&post=47443"}],"curies":[{"name":"wp","href":"https:\/\/api.w.org\/{rel}","templated":true}]}}