{"id":47416,"date":"2022-06-12T12:04:45","date_gmt":"2022-06-12T10:04:45","guid":{"rendered":"https:\/\/jugulajm.net\/?p=47416"},"modified":"2022-06-12T12:04:45","modified_gmt":"2022-06-12T10:04:45","slug":"avokatet-ne-bojkot-shkak-harta-e-re-gjyqesore","status":"publish","type":"post","link":"https:\/\/jugulajm.net\/?p=47416","title":{"rendered":"Avokat\u00ebt n\u00eb bojkot, shkak harta e re gjyq\u00ebsore"},"content":{"rendered":"<p>Dhoma komb\u00ebtare e Avokatis\u00eb, ka dal\u00eb zyrtarisht kund\u00ebr hart\u00ebs s\u00eb re gjyq\u00ebsore t\u00eb shpallur nga qeveria.<\/p>\n<p>Sipas drejtuesve t\u00eb Dhom\u00ebs s\u00eb Avokatis\u00eb, kjo hart\u00eb \u00ebsht\u00eb nj\u00eb shkelje e r\u00ebnd\u00eb e t\u00eb drejtave t\u00eb njeriut.<\/p>\n<p><strong>Deklarata e plot\u00eb e Dhom\u00ebs s\u00eb Avokatis\u00eb:<\/strong><\/p>\n<p><em>Komiteti Drejtues i Dhom\u00ebs Avokatis\u00eb t\u00eb Shqip\u00ebris\u00eb, pasi u njoh, mori n\u00eb shqyrtim vendimin e K\u00ebshillit t\u00eb Lart\u00eb Gjyq\u00ebsor dt.10.06.22, me an\u00ebn e t\u00eb cilit \u00ebsht\u00eb miratuar harta e re gjyq\u00ebsore.<\/em><\/p>\n<p><em>Komiteti Drejtues konstaton dhe i b\u00ebn prezent gjith\u00eb opinionit publik se, vendimi p\u00ebr miratimin e hart\u00ebs s\u00eb re gjyq\u00ebsore \u00ebsht\u00eb n\u00eb shkelje t\u00eb r\u00ebnd\u00eb t\u00eb t\u00eb drejtave dhe lirive themelore t\u00eb individit, t\u00eb mbrojtura posa\u00e7\u00ebrisht nga Kushtetuta. Ky vendim cenon dhe kufizon r\u00ebnd\u00eb aksesin n\u00eb drejt\u00ebsi t\u00eb individit si dhe procesin e realizimit t\u00eb mbrojtjes ne \u00e7\u00ebshtjet penale, civile dhe administrative.<\/em><\/p>\n<p><em>Me keqardhje konstatojm\u00eb se ky vendim \u00ebsht\u00eb n\u00eb p\u00ebrputhshm\u00ebri dhe ne p\u00ebrkrahje me nj\u00eb s\u00ebr\u00eb shkeljesh t\u00eb konstatuara n\u00eb proceset penale, civile e administrative t\u00eb zhvilluara n\u00eb gjykatat e t\u00eb gjitha niveleve.<\/em><\/p>\n<p><em>Me k\u00ebt\u00eb vendim u injoruan haptazi gjith\u00eb problematikat dhe argumentet e parashtruara nga ana e Organeve drejtuese t\u00eb Dhom\u00ebs Qendrore dhe atyre vendore gjate procesit t\u00eb diskutimit te draftit n\u00eb shkall\u00eb vendi, fakt i cili tregoi qarte formalitetin, paragjykimin dhe abuzivitetit n\u00eb mosmarrjen n\u00eb konsiderat\u00eb t\u00eb mendimit te grupeve t\u00eb interesit, p\u00ebrfshi Dhom\u00ebn e Avokatis\u00eb t\u00eb Shqip\u00ebris\u00eb si nj\u00eb nga aktor\u00ebt kryesor n\u00eb procesin e dh\u00ebnies s\u00eb drejt\u00ebsis\u00eb.<\/em><\/p>\n<p><em>Nisur dhe bazuar n\u00eb k\u00ebt\u00eb situat\u00eb Dhoma e Avokatis\u00eb e Shqip\u00ebris\u00eb i b\u00ebn thirrje Ministrit t\u00eb Drejt\u00ebsis\u00eb dhe n\u00ebp\u00ebrmjet Tij i k\u00ebrkojm\u00eb t\u00eb p\u00ebrcjell n\u00eb qeveri, si institucioni vendimmarr\u00ebs, gjith\u00eb argumentet e paraqitura n\u00eb mbrojtje te interesave t\u00eb personave fizik dhe atyre juridik, duke konkluduar mos miratimin vendimit te m\u00ebsip\u00ebrm paraqitur nga ana e K\u00ebshillit t\u00eb Lart\u00eb Gjyq\u00ebsor .<\/em><\/p>\n<p><em>Ndodhur n\u00eb k\u00ebt\u00eb situat\u00eb Komiteti Drejtues n\u00eb mb\u00ebshtetje t\u00eb vendimit paraprak marr\u00eb nga K\u00ebshilli i P\u00ebrgjithsh\u00ebm i Dhom\u00ebs s\u00eb Avokatis\u00eb t\u00eb Shqip\u00ebris\u00eb si hap te par\u00eb vendosi :<\/em><\/p>\n<p><em>1. T\u00eb bojkotoj t\u00eb gjitha proceset gjyq\u00ebsore, me p\u00ebrjashtim t\u00eb masave t\u00eb sigurimit, t\u00eb planifikuara p\u00ebr gjykim , n\u00eb t\u00eb gjitha nivelet e gjykatave p\u00ebrfshire edhe proceset e planifikuara n\u00eb Gjykat\u00ebn e Lart\u00eb nga data 14 deri ne dat\u00ebn 17 qershor.<\/em><\/p>\n<p><em>2. P\u00ebr ekzekutimin e k\u00ebtij vendimi, ngarkohen organet drejtuese te Dhom\u00ebs Qendrore dhe dhomave vendore.<\/em><\/p>\n<p><em>3. Moszbatimi i k\u00ebtij vendimi nga ana e avokat\u00ebve p\u00ebrb\u00ebn shkelje t\u00eb r\u00ebnd\u00eb t\u00eb kuadrit ligjor mbi profesionin e avokatit, e p\u00ebr rrjedhoj\u00eb do t\u00eb procedohen disiplinarisht.<\/em><\/p>\n<p><em>Dhoma e Avokatis\u00eb t\u00eb Shqip\u00ebris\u00eb<\/em><\/p>\n<p><em>Komiteti Drejtues<\/em><\/p>\n<p><em>Kryetari<\/em><\/p>\n<p><em>Prof Dr. Maksim HAXHIA<\/em><\/p>\n","protected":false},"excerpt":{"rendered":"<p>Dhoma komb\u00ebtare e Avokatis\u00eb, ka dal\u00eb zyrtarisht kund\u00ebr hart\u00ebs s\u00eb re gjyq\u00ebsore t\u00eb shpallur nga qeveria. Sipas drejtuesve t\u00eb Dhom\u00ebs s\u00eb Avokatis\u00eb, kjo hart\u00eb \u00ebsht\u00eb nj\u00eb shkelje e r\u00ebnd\u00eb e t\u00eb drejtave t\u00eb njeriut. Deklarata e plot\u00eb e Dhom\u00ebs s\u00eb Avokatis\u00eb: Komiteti Drejtues i Dhom\u00ebs Avokatis\u00eb t\u00eb Shqip\u00ebris\u00eb, pasi u njoh, mori n\u00eb shqyrtim vendimin [&hellip;]<\/p>\n","protected":false},"author":5,"featured_media":23268,"comment_status":"open","ping_status":"open","sticky":false,"template":"","format":"standard","meta":{"footnotes":""},"categories":[1,6332],"tags":[18453],"class_list":{"0":"post-47416","1":"post","2":"type-post","3":"status-publish","4":"format-standard","5":"has-post-thumbnail","7":"category-aktualitet","8":"category-te-fundit","9":"tag-avokatet-ne-bojkot"},"_links":{"self":[{"href":"https:\/\/jugulajm.net\/index.php?rest_route=\/wp\/v2\/posts\/47416","targetHints":{"allow":["GET"]}}],"collection":[{"href":"https:\/\/jugulajm.net\/index.php?rest_route=\/wp\/v2\/posts"}],"about":[{"href":"https:\/\/jugulajm.net\/index.php?rest_route=\/wp\/v2\/types\/post"}],"author":[{"embeddable":true,"href":"https:\/\/jugulajm.net\/index.php?rest_route=\/wp\/v2\/users\/5"}],"replies":[{"embeddable":true,"href":"https:\/\/jugulajm.net\/index.php?rest_route=%2Fwp%2Fv2%2Fcomments&post=47416"}],"version-history":[{"count":0,"href":"https:\/\/jugulajm.net\/index.php?rest_route=\/wp\/v2\/posts\/47416\/revisions"}],"wp:featuredmedia":[{"embeddable":true,"href":"https:\/\/jugulajm.net\/index.php?rest_route=\/"}],"wp:attachment":[{"href":"https:\/\/jugulajm.net\/index.php?rest_route=%2Fwp%2Fv2%2Fmedia&parent=47416"}],"wp:term":[{"taxonomy":"category","embeddable":true,"href":"https:\/\/jugulajm.net\/index.php?rest_route=%2Fwp%2Fv2%2Fcategories&post=47416"},{"taxonomy":"post_tag","embeddable":true,"href":"https:\/\/jugulajm.net\/index.php?rest_route=%2Fwp%2Fv2%2Ftags&post=47416"}],"curies":[{"name":"wp","href":"https:\/\/api.w.org\/{rel}","templated":true}]}}