{"id":47396,"date":"2022-06-11T16:30:16","date_gmt":"2022-06-11T14:30:16","guid":{"rendered":"https:\/\/jugulajm.net\/?p=47396"},"modified":"2022-06-11T16:30:16","modified_gmt":"2022-06-11T14:30:16","slug":"miratohet-harta-e-re-gjyqesore-ne-shqiperi-ja-sa-gjykata-ngelen-nga-22-qe-ishin","status":"publish","type":"post","link":"https:\/\/jugulajm.net\/?p=47396","title":{"rendered":"Miratohet harta e re gjyq\u00ebsore n\u00eb Shqip\u00ebri, ja sa gjykata ngelen nga 22 q\u00eb ishin&#8230;"},"content":{"rendered":"<p>Ishte projekt, tashm\u00eb \u00ebsht\u00eb zyrtarizuar si harta e re gjyq\u00ebsore n\u00eb vendin ton\u00eb. E th\u00ebn\u00eb ndryshe, pritet nj\u00eb reduktim i numrit t\u00eb gjykatave n\u00eb Shqip\u00ebri. K\u00ebshilli i Lart\u00eb Gjyq\u00ebsor miratoi sot raportin vler\u00ebsues p\u00ebrfundimtar t\u00eb Grupit Nd\u00ebrinstitucional t\u00eb Pun\u00ebs mbi riorganizimin e rretheve gjyq\u00ebsore dhe kompetencave tok\u00ebsore t\u00eb gjykatave.<\/p>\n<p>Ky projekt i miratuar tashm\u00eb do t\u00eb ket\u00eb 13 gjykata nga 22 aktualet, nd\u00ebrsa nga 6 gjykata administrative t\u00eb shkall\u00ebs s\u00eb par\u00eb do t\u00eb mbeten 2, nj\u00eb n\u00eb Tiran\u00eb dhe nj\u00eb n\u00eb Lushnje.\u00a0Ja njoftimi p\u00ebrkat\u00ebs:<\/p>\n<p>K\u00ebshilli i Lart\u00eb Gjyq\u00ebsor, zhvilloi sot m\u00eb dat\u00eb 10.06.2022, \u00a0mbledhjen\u00a0 plenare dedikuar \u201cHart\u00ebs s\u00eb Re Gjyq\u00ebsore\u201d. N\u00eb k\u00ebt\u00eb mbledhje t\u00eb ve\u00e7ant\u00eb, K\u00ebshilli miratoi\u00a0 raportin vler\u00ebsues p\u00ebrfundimtar t\u00eb Grupit Nd\u00ebrinstitucional t\u00eb Pun\u00ebs mbi riorganizimin e rretheve gjyq\u00ebsore dhe kompetencave tok\u00ebsore t\u00eb gjykatave<\/p>\n<p>Miratimi i aktit t\u00eb \u201cHart\u00ebs s\u00eb Re Gjyq\u00ebsore\u201d sh\u00ebnon p\u00ebrmbylljen e nj\u00eb pune 3-vje\u00e7are t\u00eb Grupit Nd\u00ebrinstitucional t\u00eb Pun\u00ebs, i cili \u00ebsht\u00eb mb\u00ebshtetur dhe asistuar intensivisht nga ekspert\u00ebt e K\u00ebshillit t\u00eb Evrop\u00ebs, EWM dhe INL. N\u00eb aktin e miratuar u reflektuan\u00a0 sugjerimet dhe opinionet e adresuara gjat\u00eb procesit t\u00eb konsultimeve publike t\u00eb organizuar n\u00eb\u00a0bashk\u00ebpunim me Ministrin\u00eb\u00a0e Drejt\u00ebsis\u00eb, nga p\u00ebrfaq\u00ebsues t\u00eb dhomave vendore t\u00eb\u00a0avokatis\u00eb, Prokuroria e P\u00ebrgjithshme, gjyqtar\u00eb\u00a0dhe n\u00ebpun\u00ebs civil gjyq\u00ebsor\u00eb, si dhe organizatat e\u00a0shoq\u00ebris\u00eb\u00a0civile dhe komunitetit t\u00eb\u00a0biznesit. N\u00eb baz\u00eb t\u00eb k\u00ebtyre konsultimeve GNP vendosi q\u00eb reforma e \u201chart\u00ebs gjyq\u00ebsore\u201d n\u00eb Shqip\u00ebri t\u00eb synoj\u00eb bashkimin e gjykatave m\u00eb t\u00eb vogla dhe m\u00eb pak efikase.<\/p>\n<p>Propozimi mbi \u201cHart\u00ebn e Re Gjyq\u00ebsore\u201d \u00ebsht\u00eb hartuar duke u bazuar n\u00eb standardet m\u00eb t\u00eb mira nd\u00ebrkomb\u00ebtare. Mb\u00ebshtetur n\u00eb metodologjin\u00eb CEPEJ, propozimi mbi riorganizimin e rretheve gjyq\u00ebsore krijon nj\u00eb qasje novatore q\u00eb rrit efi\u00e7enc\u00ebn e sistemit gjyq\u00ebsor p\u00ebr qytetar\u00ebt, realizon shp\u00ebrndarjen e drejt\u00eb t\u00eb ngarkes\u00ebs s\u00eb pun\u00ebs midis gjykatave dhe gjyqtar\u00ebve dhe nxit specializimin, me pasoj\u00eb reduktimin e koh\u00ebs s\u00eb nevojshme p\u00ebr shqyrtimin e nj\u00eb \u00e7\u00ebshtjeje e dh\u00ebnies s\u00eb nj\u00eb drejt\u00ebsie m\u00eb cil\u00ebsore.<\/p>\n<p>\u201cHarta e Re Gjyq\u00ebsore\u201d garanton zbatimin e nj\u00eb s\u00ebr\u00eb objektivash t\u00eb tilla si:<\/p>\n<p>\u2013 garantimin e aksesit n\u00eb drejt\u00ebsi;<\/p>\n<p>\u2013 uljen e kostove;<\/p>\n<p>\u2013 p\u00ebrdorimin efikas t\u00eb burimeve publike;<\/p>\n<p>\u2013 p\u00ebrmir\u00ebsimin e cil\u00ebsis\u00eb dhe performanc\u00ebs s\u00eb duhur t\u00eb sh\u00ebrbimeve t\u00eb ofruara;<\/p>\n<p>\u2013 ngarkes\u00ebn e ekuilibruar t\u00eb pun\u00ebs midis gjyqtar\u00ebve;<\/p>\n<p>\u2013 sigurimin e nj\u00eb numri minimal t\u00eb vendosur nga ligji p\u00ebr gjyqtar\u00ebt n\u00eb \u00e7do gjykat\u00eb, me q\u00ebllim jo vet\u00ebm ruajtjen e funksionalitetit, por edhe nxitjen e specializimit, krijimin e seksioneve me jo m\u00eb pak se 6 gjyqtar\u00eb\u2026 etj.<\/p>\n<p>P\u00ebrgjat\u00eb Mbledhjes Plenare t\u00eb sotme u miratua propozimi p\u00ebr riorganizimi i gjykatave si vijon:<\/p>\n<p>Riorganizimin e gjykatave t\u00eb shkall\u00ebs s\u00eb par\u00eb t\u00eb juridiksionit t\u00eb p\u00ebrgjithsh\u00ebm, nga nj\u00ebzet\u00eb e dy gjykata t\u00eb rretheve gjyq\u00ebsore n\u00eb tremb\u00ebdhjet\u00eb gjykata t\u00eb tilla, me kompetenca tok\u00ebsore si m\u00eb posht\u00eb:<\/p>\n<p>Gjykata e Shkall\u00ebs s\u00eb Par\u00eb e Juridiksionit t\u00eb P\u00ebrgjithsh\u00ebm\u00a0<strong>Bera<\/strong>t, me seli n\u00eb qytetin Berat dhe kompetenc\u00eb tok\u00ebsore n\u00eb bashkit\u00eb Berat, Dimal, Ku\u00e7ov\u00eb, Skrapar dhe Poli\u00e7an;<\/p>\n<p>Gjykata e Shkall\u00ebs s\u00eb Par\u00eb e Juridiksionit t\u00eb P\u00ebrgjithsh\u00ebm\u00a0<strong>Dib\u00ebr,\u00a0<\/strong>me seli n\u00eb qytetin Peshkopi dhe kompetenc\u00eb tok\u00ebsore n\u00eb bashkit\u00eb Dib\u00ebr, Bulqiz\u00eb, Mat dhe Klos;<\/p>\n<p>Gjykata e Shkall\u00ebs s\u00eb Par\u00eb e Juridiksionit t\u00eb P\u00ebrgjithsh\u00ebm<strong>Durr\u00ebs,<\/strong>\u00a0me seli n\u00eb qytetin Durr\u00ebs dhe kompetenc\u00eb tok\u00ebsore n\u00eb bashkit\u00eb Durr\u00ebs, Shijak, Kavaj\u00eb dhe Rrogozhin\u00eb;<\/p>\n<p>Gjykata e Shkall\u00ebs s\u00eb Par\u00eb e Juridiksionit t\u00eb P\u00ebrgjithsh\u00ebm\u00a0<strong>Elbasan<\/strong>, me seli n\u00eb qytetin Elbasan dhe kompetenc\u00eb tok\u00ebsore n\u00eb bashkit\u00eb Elbasan, C\u00ebrrik, Belsh, Peqin, Gramsh, Librazhd dhe Prrenjas;<\/p>\n<p>Gjykata e Shkall\u00ebs s\u00eb Par\u00eb e Juridiksionit t\u00eb P\u00ebrgjithsh\u00ebm\u00a0<strong>Fier<\/strong>, me seli n\u00eb qytetin Fier dhe kompetenc\u00eb tok\u00ebsore n\u00eb bashkit\u00eb Fier, Patos, Roskovec, Lushnje, Divjak\u00eb dhe Mallakast\u00ebr;<\/p>\n<p>Gjykata e Shkall\u00ebs s\u00eb Par\u00eb e Juridiksionit t\u00eb P\u00ebrgjithsh\u00ebm\u00a0<strong>Gjirokast\u00ebr<\/strong>, me seli n\u00eb qytetin Gjirokast\u00ebr dhe kompetenc\u00eb tok\u00ebsore n\u00eb bashkit\u00eb Gjirokast\u00ebr, Libohov\u00eb, Tepelen\u00eb, Memaliaj, P\u00ebrmet, K\u00eblcyr\u00eb dhe Dropull;<\/p>\n<p>Gjykata e Shkall\u00ebs s\u00eb Par\u00eb e Juridiksionit t\u00eb P\u00ebrgjithsh\u00ebm\u00a0<strong>Lezh\u00eb<\/strong>, me seli n\u00eb qytetin Lezh\u00eb dhe kompetenc\u00eb tok\u00ebsore n\u00eb bashkit\u00eb Lezh\u00eb, Mirdit\u00eb dhe Kurbin;<\/p>\n<p>Gjykata e Shkall\u00ebs s\u00eb Par\u00eb e Juridiksionit t\u00eb P\u00ebrgjithsh\u00ebm\u00a0<strong>Kor\u00e7\u00eb<\/strong>, me seli n\u00eb qytetin Kor\u00e7\u00eb dhe kompetenc\u00eb tok\u00ebsore n\u00eb bashkit\u00eb Kor\u00e7\u00eb, Maliq, Pustec, Kolonj\u00eb, Devoll dhe Pogradec;<\/p>\n<p>Gjykata e Shkall\u00ebs s\u00eb Par\u00eb e Juridiksionit t\u00eb P\u00ebrgjithsh\u00ebm\u00a0<strong>Kuk\u00ebs<\/strong>, me seli n\u00eb qytetin Kuk\u00ebs dhe kompetenc\u00eb tok\u00ebsore n\u00eb bashkit\u00eb Kuk\u00ebs, Has dhe Tropoj\u00eb;<\/p>\n<p>Gjykata e Shkall\u00ebs s\u00eb Par\u00eb e Juridiksionit t\u00eb P\u00ebrgjithsh\u00ebm\u00a0<strong>Sarand\u00eb<\/strong>, me seli n\u00eb qytetin Sarand\u00eb dhe kompetenc\u00eb tok\u00ebsore n\u00eb bashkit\u00eb Sarand\u00eb, Konispol, Finiq dhe Delvin\u00eb;<\/p>\n<p>Gjykata e Shkall\u00ebs s\u00eb Par\u00eb e Juridiksionit t\u00eb P\u00ebrgjithsh\u00ebm\u00a0<strong>Shkod\u00ebr<\/strong>, me seli n\u00eb qytetin Shkod\u00ebr dhe kompetenc\u00eb tok\u00ebsore n\u00eb bashkit\u00eb Shkod\u00ebr, Mal\u00ebsi e Madhe, Vau i Dej\u00ebs, Puk\u00eb dhe Fush\u00eb Arr\u00ebz;<\/p>\n<p>Gjykata e Shkall\u00ebs s\u00eb Par\u00eb e Juridiksionit t\u00eb P\u00ebrgjithsh\u00ebm\u00a0<strong>Tiran\u00eb<\/strong>, me seli n\u00eb qytetin Tiran\u00eb dhe kompetenc\u00eb tok\u00ebsore n\u00eb bashkit\u00eb Tiran\u00eb, Kam\u00ebz, Vor\u00eb dhe Kruj\u00eb;<\/p>\n<p>Gjykata e Shkall\u00ebs s\u00eb Par\u00eb e Juridiksionit t\u00eb P\u00ebrgjithsh\u00ebm\u00a0<strong>Vlor\u00eb,\u00a0<\/strong>me seli n\u00eb qytetin Vlor\u00eb dhe kompetenc\u00eb tok\u00ebsore n\u00eb bashkit\u00eb Vlor\u00eb, Selenic\u00eb dhe Himar\u00eb.<\/p>\n<p>Riorganizimin e gjykatave t\u00eb apelit t\u00eb juridiksionit t\u00eb p\u00ebrgjithsh\u00ebm, nga gjasht\u00eb gjykata apeli, n\u00eb nj\u00eb Gjykat\u00eb Apeli t\u00eb Juridiksionit t\u00eb P\u00ebrgjithsh\u00ebm, q\u00eb organizohet dhe funksionon n\u00eb t\u00eb gjith\u00eb territorin e Republik\u00ebs s\u00eb Shqip\u00ebris\u00eb, me seli n\u00eb qytetin Tiran\u00eb.<\/p>\n<p>Riorganizimin e gjykatave administrative t\u00eb shkall\u00ebs s\u00eb par\u00eb, nga gjasht\u00eb gjykata administrative n\u00eb dy gjykata t\u00eb tilla, me kompetenca tok\u00ebsore si m\u00eb posht\u00eb:<\/p>\n<p>Gjykata Administrative e Shkall\u00ebs s\u00eb Par\u00eb Tiran\u00eb<strong>,\u00a0<\/strong>me seli n\u00eb qytetin Tiran\u00eb dhe kompetenc\u00eb tok\u00ebsore q\u00eb p\u00ebrfshin rrethet gjyq\u00ebsore, Tiran\u00eb, Durr\u00ebs, Shkod\u00ebr, Kuk\u00ebs, Dib\u00ebr, Elbasan, Lezh\u00eb dhe Kor\u00e7\u00eb.<\/p>\n<p>Gjykata Administrative e Shkall\u00ebs s\u00eb Par\u00eb Lushnje<strong>,<\/strong>me seli n\u00eb qytetin Lushnje dhe kompetenc\u00eb tok\u00ebsore q\u00eb p\u00ebrfshin rrethet gjyq\u00ebsore Berat, Fier, Gjirokast\u00ebr, Sarand\u00eb dhe Vlor\u00eb.<\/p>\n","protected":false},"excerpt":{"rendered":"<p>Ishte projekt, tashm\u00eb \u00ebsht\u00eb zyrtarizuar si harta e re gjyq\u00ebsore n\u00eb vendin ton\u00eb. E th\u00ebn\u00eb ndryshe, pritet nj\u00eb reduktim i numrit t\u00eb gjykatave n\u00eb Shqip\u00ebri. K\u00ebshilli i Lart\u00eb Gjyq\u00ebsor miratoi sot raportin vler\u00ebsues p\u00ebrfundimtar t\u00eb Grupit Nd\u00ebrinstitucional t\u00eb Pun\u00ebs mbi riorganizimin e rretheve gjyq\u00ebsore dhe kompetencave tok\u00ebsore t\u00eb gjykatave. Ky projekt i miratuar tashm\u00eb do [&hellip;]<\/p>\n","protected":false},"author":5,"featured_media":23268,"comment_status":"open","ping_status":"open","sticky":false,"template":"","format":"standard","meta":{"footnotes":""},"categories":[1,6332],"tags":[],"class_list":{"0":"post-47396","1":"post","2":"type-post","3":"status-publish","4":"format-standard","5":"has-post-thumbnail","7":"category-aktualitet","8":"category-te-fundit"},"_links":{"self":[{"href":"https:\/\/jugulajm.net\/index.php?rest_route=\/wp\/v2\/posts\/47396","targetHints":{"allow":["GET"]}}],"collection":[{"href":"https:\/\/jugulajm.net\/index.php?rest_route=\/wp\/v2\/posts"}],"about":[{"href":"https:\/\/jugulajm.net\/index.php?rest_route=\/wp\/v2\/types\/post"}],"author":[{"embeddable":true,"href":"https:\/\/jugulajm.net\/index.php?rest_route=\/wp\/v2\/users\/5"}],"replies":[{"embeddable":true,"href":"https:\/\/jugulajm.net\/index.php?rest_route=%2Fwp%2Fv2%2Fcomments&post=47396"}],"version-history":[{"count":0,"href":"https:\/\/jugulajm.net\/index.php?rest_route=\/wp\/v2\/posts\/47396\/revisions"}],"wp:featuredmedia":[{"embeddable":true,"href":"https:\/\/jugulajm.net\/index.php?rest_route=\/"}],"wp:attachment":[{"href":"https:\/\/jugulajm.net\/index.php?rest_route=%2Fwp%2Fv2%2Fmedia&parent=47396"}],"wp:term":[{"taxonomy":"category","embeddable":true,"href":"https:\/\/jugulajm.net\/index.php?rest_route=%2Fwp%2Fv2%2Fcategories&post=47396"},{"taxonomy":"post_tag","embeddable":true,"href":"https:\/\/jugulajm.net\/index.php?rest_route=%2Fwp%2Fv2%2Ftags&post=47396"}],"curies":[{"name":"wp","href":"https:\/\/api.w.org\/{rel}","templated":true}]}}