{"id":47196,"date":"2022-06-05T19:42:29","date_gmt":"2022-06-05T17:42:29","guid":{"rendered":"https:\/\/jugulajm.net\/?p=47196"},"modified":"2022-06-05T19:42:29","modified_gmt":"2022-06-05T17:42:29","slug":"ja-kush-eshte-bashkeshortja-e-presidentit-te-zgjedhur","status":"publish","type":"post","link":"https:\/\/jugulajm.net\/?p=47196","title":{"rendered":"Ja kush \u00ebsht\u00eb bashk\u00ebshortja e presidentit t\u00eb zgjedhur"},"content":{"rendered":"<p>Bajram Begaj \u00ebsht\u00eb tashm\u00eb presidenti i zgjedhur deri n\u00eb 24 korrik, kur presidentit aktual Ilir Meta i mbaron mandati.<\/p>\n<p>Por me mb\u00ebrritjen e Begajt n\u00eb Presidenc\u00eb, vendi do t\u00eb ket\u00eb edhe Zonj\u00ebn e Par\u00eb, nj\u00eb titull q\u00eb i ka munguar Shqip\u00ebris\u00eb gjat\u00eb k\u00ebtyre pes\u00eb viteve, p\u00ebr shkak se bashk\u00ebshortja e Met\u00ebs, Monika Kryemadhi \u00ebsht\u00eb e angazhuar n\u00eb politik\u00eb, n\u00eb krye t\u00eb L\u00ebvizjes Socialiste p\u00ebr Integrim.<\/p>\n<p>Armanda Begaj \u00ebsht\u00eb bashk\u00ebshortja e presidentit t\u00eb zgjedhur. Ajo ka lindur n\u00eb vitin \u00a01968. Ka ushtruar disa funksione n\u00eb administrat\u00ebn shtet\u00ebrore si punonj\u00ebse, ku s\u00eb fundmi ka qen\u00eb \u201cIT\u201d n\u00eb Kontrollin e Lart\u00eb t\u00eb Shtetit.<\/p>\n<p>\u00c7ifti Bajram dhe Armanda Begaj ka edhe dy djem. Sipas formularit t\u00eb dekriminalizimit familja Begaj nuk ka jetuar asnj\u00ebher\u00eb jasht\u00eb shtetit.<\/p>\n","protected":false},"excerpt":{"rendered":"<p>Bajram Begaj \u00ebsht\u00eb tashm\u00eb presidenti i zgjedhur deri n\u00eb 24 korrik, kur presidentit aktual Ilir Meta i mbaron mandati. Por me mb\u00ebrritjen e Begajt n\u00eb Presidenc\u00eb, vendi do t\u00eb ket\u00eb edhe Zonj\u00ebn e Par\u00eb, nj\u00eb titull q\u00eb i ka munguar Shqip\u00ebris\u00eb gjat\u00eb k\u00ebtyre pes\u00eb viteve, p\u00ebr shkak se bashk\u00ebshortja e Met\u00ebs, Monika Kryemadhi \u00ebsht\u00eb e [&hellip;]<\/p>\n","protected":false},"author":5,"featured_media":47197,"comment_status":"open","ping_status":"open","sticky":false,"template":"","format":"standard","meta":{"footnotes":""},"categories":[6326,6332],"tags":[],"class_list":{"0":"post-47196","1":"post","2":"type-post","3":"status-publish","4":"format-standard","5":"has-post-thumbnail","7":"category-politike","8":"category-te-fundit"},"_links":{"self":[{"href":"https:\/\/jugulajm.net\/index.php?rest_route=\/wp\/v2\/posts\/47196","targetHints":{"allow":["GET"]}}],"collection":[{"href":"https:\/\/jugulajm.net\/index.php?rest_route=\/wp\/v2\/posts"}],"about":[{"href":"https:\/\/jugulajm.net\/index.php?rest_route=\/wp\/v2\/types\/post"}],"author":[{"embeddable":true,"href":"https:\/\/jugulajm.net\/index.php?rest_route=\/wp\/v2\/users\/5"}],"replies":[{"embeddable":true,"href":"https:\/\/jugulajm.net\/index.php?rest_route=%2Fwp%2Fv2%2Fcomments&post=47196"}],"version-history":[{"count":0,"href":"https:\/\/jugulajm.net\/index.php?rest_route=\/wp\/v2\/posts\/47196\/revisions"}],"wp:featuredmedia":[{"embeddable":true,"href":"https:\/\/jugulajm.net\/index.php?rest_route=\/wp\/v2\/media\/47197"}],"wp:attachment":[{"href":"https:\/\/jugulajm.net\/index.php?rest_route=%2Fwp%2Fv2%2Fmedia&parent=47196"}],"wp:term":[{"taxonomy":"category","embeddable":true,"href":"https:\/\/jugulajm.net\/index.php?rest_route=%2Fwp%2Fv2%2Fcategories&post=47196"},{"taxonomy":"post_tag","embeddable":true,"href":"https:\/\/jugulajm.net\/index.php?rest_route=%2Fwp%2Fv2%2Ftags&post=47196"}],"curies":[{"name":"wp","href":"https:\/\/api.w.org\/{rel}","templated":true}]}}