{"id":47160,"date":"2022-06-04T10:39:08","date_gmt":"2022-06-04T08:39:08","guid":{"rendered":"https:\/\/jugulajm.net\/?p=47160"},"modified":"2022-06-04T10:39:08","modified_gmt":"2022-06-04T08:39:08","slug":"presidenti-i-ri-i-kallezuar-ne-spak","status":"publish","type":"post","link":"https:\/\/jugulajm.net\/?p=47160","title":{"rendered":"\u2018Presidenti i ri\u2019 i kall\u00ebzuar n\u00eb SPAK"},"content":{"rendered":"<p>SPAK \u00ebsht\u00eb duke kryer verifikim p\u00ebr disa zyrtar\u00eb t\u00eb Ministris\u00eb s\u00eb Mbrojtjes, nd\u00ebr ta edhe kandidati p\u00ebr president, Bajram\u00a0Begaj.<\/p>\n<p>K\u00ebta persona jan\u00eb kall\u00ebzuar nga ish-z\u00ebvend\u00ebskomandanti i forc\u00ebs detare\u00a0Artur\u00a0Me\u00e7ollari\u00a0p\u00ebr shp\u00ebrdorim detyre mbi tjet\u00ebrsimin e bazave ushtarake t\u00eb cilat ndodhen n\u00eb bregdet, shkruan Euronews.al.<\/p>\n<p>P\u00ebrve\u00e7\u00a0Begajt,\u00a0Me\u00e7ollari\u00a0ka paditur p\u00ebr baz\u00ebn e Sh\u00ebngjinit edhe Ilir\u00a0Xhebexhian, ish-komandant i Forc\u00ebs Detare dhe Altin\u00a0Kurtin, ish-komandant i Policis\u00eb Ushtarake.<\/p>\n<p>Nd\u00ebrsa p\u00ebr baz\u00ebn e Sarand\u00ebs, e kall\u00ebzuar \u00ebsht\u00eb ish-Ministrja e Mbrojtjes,\u00a0Olta\u00a0Xha\u00e7ka.<\/p>\n<p>SPAK, sipas nj\u00eb informacioni t\u00eb k\u00ebrkuar nga\u00a0Me\u00e7ollari, \u00ebsht\u00eb duke kryer verifikime p\u00ebr rastin.<\/p>\n","protected":false},"excerpt":{"rendered":"<p>SPAK \u00ebsht\u00eb duke kryer verifikim p\u00ebr disa zyrtar\u00eb t\u00eb Ministris\u00eb s\u00eb Mbrojtjes, nd\u00ebr ta edhe kandidati p\u00ebr president, Bajram\u00a0Begaj. K\u00ebta persona jan\u00eb kall\u00ebzuar nga ish-z\u00ebvend\u00ebskomandanti i forc\u00ebs detare\u00a0Artur\u00a0Me\u00e7ollari\u00a0p\u00ebr shp\u00ebrdorim detyre mbi tjet\u00ebrsimin e bazave ushtarake t\u00eb cilat ndodhen n\u00eb bregdet, shkruan Euronews.al. P\u00ebrve\u00e7\u00a0Begajt,\u00a0Me\u00e7ollari\u00a0ka paditur p\u00ebr baz\u00ebn e Sh\u00ebngjinit edhe Ilir\u00a0Xhebexhian, ish-komandant i Forc\u00ebs Detare dhe [&hellip;]<\/p>\n","protected":false},"author":5,"featured_media":47161,"comment_status":"open","ping_status":"open","sticky":false,"template":"","format":"standard","meta":{"footnotes":""},"categories":[1,6332],"tags":[18354],"class_list":{"0":"post-47160","1":"post","2":"type-post","3":"status-publish","4":"format-standard","5":"has-post-thumbnail","7":"category-aktualitet","8":"category-te-fundit","9":"tag-presidenti-i-ri-i-kallezuar-ne-spak"},"_links":{"self":[{"href":"https:\/\/jugulajm.net\/index.php?rest_route=\/wp\/v2\/posts\/47160","targetHints":{"allow":["GET"]}}],"collection":[{"href":"https:\/\/jugulajm.net\/index.php?rest_route=\/wp\/v2\/posts"}],"about":[{"href":"https:\/\/jugulajm.net\/index.php?rest_route=\/wp\/v2\/types\/post"}],"author":[{"embeddable":true,"href":"https:\/\/jugulajm.net\/index.php?rest_route=\/wp\/v2\/users\/5"}],"replies":[{"embeddable":true,"href":"https:\/\/jugulajm.net\/index.php?rest_route=%2Fwp%2Fv2%2Fcomments&post=47160"}],"version-history":[{"count":0,"href":"https:\/\/jugulajm.net\/index.php?rest_route=\/wp\/v2\/posts\/47160\/revisions"}],"wp:featuredmedia":[{"embeddable":true,"href":"https:\/\/jugulajm.net\/index.php?rest_route=\/wp\/v2\/media\/47161"}],"wp:attachment":[{"href":"https:\/\/jugulajm.net\/index.php?rest_route=%2Fwp%2Fv2%2Fmedia&parent=47160"}],"wp:term":[{"taxonomy":"category","embeddable":true,"href":"https:\/\/jugulajm.net\/index.php?rest_route=%2Fwp%2Fv2%2Fcategories&post=47160"},{"taxonomy":"post_tag","embeddable":true,"href":"https:\/\/jugulajm.net\/index.php?rest_route=%2Fwp%2Fv2%2Ftags&post=47160"}],"curies":[{"name":"wp","href":"https:\/\/api.w.org\/{rel}","templated":true}]}}