{"id":47088,"date":"2022-06-02T11:50:11","date_gmt":"2022-06-02T09:50:11","guid":{"rendered":"https:\/\/jugulajm.net\/?p=47088"},"modified":"2022-06-02T11:50:11","modified_gmt":"2022-06-02T09:50:11","slug":"fuga-shperthen-ndaj-socialistes-felajt-ka-shkare-nga-trute-e-kokes","status":"publish","type":"post","link":"https:\/\/jugulajm.net\/?p=47088","title":{"rendered":"Fuga \u201cshp\u00ebrthen\u201d ndaj socialistes Felajt: Ka shkar\u00eb nga trut\u00eb e kok\u00ebs"},"content":{"rendered":"<p>Profesori dhe akademiku Artan Fuga, ka reaguar ashp\u00ebr ndaj n\u00ebnkryetares socialiste t\u00eb Kuvendit, Ermonela Felaj, e cila n\u00eb emisionin \u201cOpen\u201d\u00a0 tha se projekt-rezolutat p\u00ebr d\u00ebnimin e gjenocidit serb n\u00eb Kosov\u00eb jan\u00eb instrumente q\u00eb bien ndesh me Ballkanin e Hapur.<\/p>\n<p>N\u00eb nj\u00eb postim t\u00eb gjat\u00eb n\u00eb Facebook, Fuga thot\u00eb se shpreson se\u00a0ato \u00e7ka deklaroi Felaj, t\u00eb jen\u00eb nj\u00eb shkarje mendore e \u00e7astit, duke theksuar se ajo ka folur e paautorizuar dhe ka futur hund\u00ebt aty ku nuk ka asnj\u00eb kompetenc\u00eb.<\/p>\n<p><strong>Ja reagimi i plote i Fug\u00ebs:<\/strong><\/p>\n<p>Distancohem si qytetar !<\/p>\n<p>Un\u00eb nuk dua ta besoj q\u00eb deklarata n\u00eb televizion e zonj\u00ebs n\u00ebnkryetare e Kuvendit t\u00eb Shqip\u00ebris\u00eb, e cila thot\u00eb se aprovimi i nj\u00eb deklarate q\u00eb d\u00ebnon genocidin e Miloshevi\u00e7it ndaj shqiptar\u00ebve n\u00eb Kosov\u00eb bie ndesh me politikat e sotme p\u00ebr Open Ballkan, t\u00eb jen\u00eb qendrime t\u00eb nj\u00eb shqiptareje, t\u00eb nj\u00eb force politike shqiptare, t\u00eb qeveris\u00eb shqiptare, t\u00eb grupit parlamentar t\u00eb shumic\u00ebs, t\u00eb Kuvendit t\u00eb Shqip\u00ebris\u00eb!<\/p>\n<p>Kam d\u00ebshir\u00eb t\u00eb jet\u00eb nj\u00eb shkarje mendore e \u00e7astit.<\/p>\n<p>T\u00eb jet\u00eb nj\u00eb moskuptim i asaj q\u00eb flet!<\/p>\n<p>T\u00eb jet\u00eb nj\u00eb gaf\u00eb logjike nga dashuria me vetveten dhe q\u00eb t\u00eb b\u00ebn t\u00eb humbas\u00ebsh vler\u00ebsimin kritik t\u00eb asaj q\u00eb thua!<\/p>\n<p>Edhe mua m\u00eb q\u00ebllon nj\u00ebher\u00eb n\u00eb tridhjet\u00eb or\u00eb leksioni!<\/p>\n<p>Zonja ka folur me nxitim, me siguri e pautorizuar, ka hyr\u00eb pa busull n\u00eb \u00e7\u00ebshtje t\u00eb qendrimit ndaj historis\u00eb, ka futur hund\u00ebt n\u00eb marr\u00ebdh\u00ebniet me jasht\u00eb, ku me siguri nuk ka pik\u00ebn e kompetenc\u00ebs politike p\u00ebr ta b\u00ebr\u00eb!<\/p>\n<p>Por, n\u00ebse zonja n\u00eb fjal\u00eb nuk del t\u2019u k\u00ebrkoj\u00eb falje shqiptar\u00ebve, aq t\u00eb fyer sa jemi, n\u00ebse Kuvendi nuk b\u00ebn deklarat\u00eb distancimi, n\u00ebse qeveria nuk e d\u00ebnon k\u00ebt\u00eb deklarat\u00eb, at\u00ebhere jemi n\u00eb pragun e asaj q\u00eb nuk mendohej se do t\u00eb arrinte nj\u00eb dit\u00eb!<\/p>\n<p>K\u00ebrkim ndjese publike shoq\u00ebruar me qendrim n\u00eb gjunj\u00eb tridhjet\u00eb minuta posht\u00eb bustit t\u00eb Adem Jasharit, aty n\u00eb t\u00eb dal\u00eb t\u00eb rrug\u00ebs s\u00eb ambasadave, ku kryq\u00ebzohet me rrug\u00ebn e Durr\u00ebsit! Jo e tipit, e thash\u00eb k\u00ebshtu, por nuk e thash\u00eb ashtu!<\/p>\n<p>Un\u00eb personalisht distancohem! Fort, prer\u00eb, pa asnj\u00eb ekuivok!<\/p>\n<p>Esht\u00eb nj\u00ebsoj si Franca t\u00eb mos d\u00ebnoj\u00eb m\u00eb Hitlerin dhe nazizmin p\u00ebr hir t\u00eb marr\u00ebdh\u00ebnieve t\u00eb sotme me Gjermanin\u00eb!!!<\/p>\n<p>N\u00ebnkupton se p\u00ebr zonj\u00ebn marr\u00ebdh\u00ebniet me Serbin\u00eb nuk qenkan p\u00ebr nj\u00eb Open Ballkan postmilloshevi\u00e7ian, por me vet\u00eb rregjimin e Milloshevi\u00e7it q\u00eb m\u00ebrzitet n\u00ebse d\u00ebnojm\u00eb at\u00eb p\u00ebr t\u00eb cil\u00ebn edhe NATO nd\u00ebrhyri!<\/p>\n<p>Kjo do t\u00eb thot\u00eb q\u00eb p\u00ebr interesat e sotme pragmatiste t\u00eb nj\u00eb politike t\u00eb jashtme n\u00eb aj\u00ebr ende, t\u00eb mohohet solidariteti yn\u00eb komb\u00ebtar!<\/p>\n<p>Kosova paska nj\u00ebmij\u00eb her\u00eb t\u00eb drejt\u00eb q\u00eb \u00ebsht\u00eb skeptike ndaj politik\u00ebs t\u00eb Open Ballkan sepse sheh atje n\u00ebnkuptime t\u00eb tjera!<\/p>\n<p>Kjo deklarat\u00eb e zonj\u00ebs n\u00ebnkryetare t\u00eb Kuvendit e shpartallon edhe vet\u00eb bashk\u00ebpunimi e popujve n\u00eb nj\u00eb gadishull t\u00eb hapur politikisht dhe ekonomikisht sepse i kund\u00ebrve atij qendrimin e disa milion\u00eb shqiptar\u00ebve q\u00eb nuk e harrojn\u00eb historin\u00eb, pa mbetur rob\u00ebr t\u00eb saj!<\/p>\n<p>Pse shqiptar\u00ebt dhe vuajtjet e tyre do t\u00eb sakrifikohen p\u00ebr Open Ballkan? P\u00ebrse Open Ballkan qenka i papajtuesh\u00ebm me historin\u00eb e dhimbshme shqiptare?<\/p>\n<p>E sotmja fshika t\u00eb kaluar\u00ebn? Mos duhet t\u00eb themi se meq\u00eb na duhet Open Ballkan nuk ka pasur fare viktima dhe represion n\u00eb Kosov\u00eb? Se k\u00ebtu t\u00eb \u00e7on logjika!<\/p>\n<p>Opinioni publik k\u00ebrkon t\u2019i k\u00ebrkohet falje! Ndryshe loja ka mbaruar!<\/p>\n<p>Ka mbaruar!<\/p>\n","protected":false},"excerpt":{"rendered":"<p>Profesori dhe akademiku Artan Fuga, ka reaguar ashp\u00ebr ndaj n\u00ebnkryetares socialiste t\u00eb Kuvendit, Ermonela Felaj, e cila n\u00eb emisionin \u201cOpen\u201d\u00a0 tha se projekt-rezolutat p\u00ebr d\u00ebnimin e gjenocidit serb n\u00eb Kosov\u00eb jan\u00eb instrumente q\u00eb bien ndesh me Ballkanin e Hapur. N\u00eb nj\u00eb postim t\u00eb gjat\u00eb n\u00eb Facebook, Fuga thot\u00eb se shpreson se\u00a0ato \u00e7ka deklaroi Felaj, t\u00eb [&hellip;]<\/p>\n","protected":false},"author":5,"featured_media":47089,"comment_status":"open","ping_status":"open","sticky":false,"template":"","format":"standard","meta":{"footnotes":""},"categories":[6332],"tags":[18330],"class_list":{"0":"post-47088","1":"post","2":"type-post","3":"status-publish","4":"format-standard","5":"has-post-thumbnail","7":"category-te-fundit","8":"tag-artan-fugs"},"_links":{"self":[{"href":"https:\/\/jugulajm.net\/index.php?rest_route=\/wp\/v2\/posts\/47088","targetHints":{"allow":["GET"]}}],"collection":[{"href":"https:\/\/jugulajm.net\/index.php?rest_route=\/wp\/v2\/posts"}],"about":[{"href":"https:\/\/jugulajm.net\/index.php?rest_route=\/wp\/v2\/types\/post"}],"author":[{"embeddable":true,"href":"https:\/\/jugulajm.net\/index.php?rest_route=\/wp\/v2\/users\/5"}],"replies":[{"embeddable":true,"href":"https:\/\/jugulajm.net\/index.php?rest_route=%2Fwp%2Fv2%2Fcomments&post=47088"}],"version-history":[{"count":0,"href":"https:\/\/jugulajm.net\/index.php?rest_route=\/wp\/v2\/posts\/47088\/revisions"}],"wp:featuredmedia":[{"embeddable":true,"href":"https:\/\/jugulajm.net\/index.php?rest_route=\/wp\/v2\/media\/47089"}],"wp:attachment":[{"href":"https:\/\/jugulajm.net\/index.php?rest_route=%2Fwp%2Fv2%2Fmedia&parent=47088"}],"wp:term":[{"taxonomy":"category","embeddable":true,"href":"https:\/\/jugulajm.net\/index.php?rest_route=%2Fwp%2Fv2%2Fcategories&post=47088"},{"taxonomy":"post_tag","embeddable":true,"href":"https:\/\/jugulajm.net\/index.php?rest_route=%2Fwp%2Fv2%2Ftags&post=47088"}],"curies":[{"name":"wp","href":"https:\/\/api.w.org\/{rel}","templated":true}]}}