{"id":47067,"date":"2022-06-01T13:28:40","date_gmt":"2022-06-01T11:28:40","guid":{"rendered":"https:\/\/jugulajm.net\/?p=47067"},"modified":"2022-06-01T14:56:23","modified_gmt":"2022-06-01T12:56:23","slug":"rakacolli-mjeket-dhe-infermieret-nuk-ikin-ne-gjermani-per-page","status":"publish","type":"post","link":"https:\/\/jugulajm.net\/?p=47067","title":{"rendered":"Rakacolli: Mjek\u00ebt shqiptar\u00eb nuk ikin n\u00eb Gjermani prej pag\u00ebs, por se emigrojn\u00eb mjek\u00ebt gjerman\u00eb"},"content":{"rendered":"<p>P\u00ebr zv.ministren e Sh\u00ebndet\u00ebsis\u00eb Mira Rakacolli mjek\u00ebt dhe infermier\u00ebt shqiptar\u00eb nuk ikin drejt Gjermanis\u00eb p\u00ebr pag\u00eb.<\/p>\n<p>N\u00eb Komisionin e Ligjeve mjek\u00ebt gjerman\u00eb largohen drejt SHBA-s\u00eb dhe se l\u00ebvizja e lir\u00eb \u00ebsht\u00eb di\u00e7ka normale.<\/p>\n<p>Rakacolli theksoi se pagat jan\u00eb rritur dhe deri n\u00eb fund t\u00eb mandatit kjo rritje do t\u00eb shkoj\u00eb deri n\u00eb 20%.<\/p>\n<p><em>\u201cPagat e mjek\u00ebve dhe infermier\u00ebve jan\u00eb rritur. Do t\u00eb rriten me 40% gjat\u00eb mandatit. Sapo u b\u00eb rritja m\u00eb e madhe q\u00eb \u00ebsht\u00eb b\u00ebr\u00eb ndonj\u00ebher\u00eb. Ishte rritja e tret\u00eb brenda mandatit.<\/em><\/p>\n<p><em>N\u00eb Gjermani mjek\u00ebt nuk shkojn\u00eb p\u00ebr shkak t\u00eb pag\u00ebs. Mjek\u00ebt q\u00eb ikin n\u00eb Gjermani ikin sepse mjek\u00ebt gjerman\u00eb ikin n\u00eb Zvic\u00ebr dhe Amerik\u00ebn.<\/em><\/p>\n<p><em>N\u00eb Gjermani shkojn\u00eb mjek\u00ebt por mos harroni detajin e r\u00ebnd\u00ebsish\u00ebm q\u00eb nga 1.3 mjek\u00eb p\u00ebr 1 mij\u00eb banor\u00eb kemi 1.9 mjek\u00eb p\u00ebr 1 mij\u00eb banor\u00eb. Ne po rrisim kuotat e mjek\u00ebve.<\/em><\/p>\n<p><em>Un\u00eb nuk ia fus kot se nuk jemi k\u00ebt\u00eb p\u00ebr loj\u00eb kungulleshkash. Pse kaq e aq? P\u00ebr sa i p\u00ebrket l\u00ebvizjes, e r\u00ebnd\u00ebsishme \u00ebsht\u00eb q\u00eb mjek\u00ebt k\u00ebtu kan\u00eb kushte. Nuk \u00ebsht\u00eb vet\u00ebm rroga. Mos harroni q\u00eb deri para nj\u00eb viti b\u00ebheshin shum\u00eb pak b\u00ebrja e analizave publike\u201d,<\/em>\u00a0deklaroi Rakacolli.<\/p>\n","protected":false},"excerpt":{"rendered":"<p>P\u00ebr zv.ministren e Sh\u00ebndet\u00ebsis\u00eb Mira Rakacolli mjek\u00ebt dhe infermier\u00ebt shqiptar\u00eb nuk ikin drejt Gjermanis\u00eb p\u00ebr pag\u00eb. N\u00eb Komisionin e Ligjeve mjek\u00ebt gjerman\u00eb largohen drejt SHBA-s\u00eb dhe se l\u00ebvizja e lir\u00eb \u00ebsht\u00eb di\u00e7ka normale. Rakacolli theksoi se pagat jan\u00eb rritur dhe deri n\u00eb fund t\u00eb mandatit kjo rritje do t\u00eb shkoj\u00eb deri n\u00eb 20%. \u201cPagat e [&hellip;]<\/p>\n","protected":false},"author":5,"featured_media":47068,"comment_status":"open","ping_status":"open","sticky":false,"template":"","format":"standard","meta":{"footnotes":""},"categories":[7652,6332],"tags":[],"class_list":{"0":"post-47067","1":"post","2":"type-post","3":"status-publish","4":"format-standard","5":"has-post-thumbnail","7":"category-shendetesi","8":"category-te-fundit"},"_links":{"self":[{"href":"https:\/\/jugulajm.net\/index.php?rest_route=\/wp\/v2\/posts\/47067","targetHints":{"allow":["GET"]}}],"collection":[{"href":"https:\/\/jugulajm.net\/index.php?rest_route=\/wp\/v2\/posts"}],"about":[{"href":"https:\/\/jugulajm.net\/index.php?rest_route=\/wp\/v2\/types\/post"}],"author":[{"embeddable":true,"href":"https:\/\/jugulajm.net\/index.php?rest_route=\/wp\/v2\/users\/5"}],"replies":[{"embeddable":true,"href":"https:\/\/jugulajm.net\/index.php?rest_route=%2Fwp%2Fv2%2Fcomments&post=47067"}],"version-history":[{"count":0,"href":"https:\/\/jugulajm.net\/index.php?rest_route=\/wp\/v2\/posts\/47067\/revisions"}],"wp:featuredmedia":[{"embeddable":true,"href":"https:\/\/jugulajm.net\/index.php?rest_route=\/wp\/v2\/media\/47068"}],"wp:attachment":[{"href":"https:\/\/jugulajm.net\/index.php?rest_route=%2Fwp%2Fv2%2Fmedia&parent=47067"}],"wp:term":[{"taxonomy":"category","embeddable":true,"href":"https:\/\/jugulajm.net\/index.php?rest_route=%2Fwp%2Fv2%2Fcategories&post=47067"},{"taxonomy":"post_tag","embeddable":true,"href":"https:\/\/jugulajm.net\/index.php?rest_route=%2Fwp%2Fv2%2Ftags&post=47067"}],"curies":[{"name":"wp","href":"https:\/\/api.w.org\/{rel}","templated":true}]}}