{"id":46984,"date":"2022-05-30T08:36:16","date_gmt":"2022-05-30T06:36:16","guid":{"rendered":"https:\/\/jugulajm.net\/?p=46984"},"modified":"2022-05-30T12:40:13","modified_gmt":"2022-05-30T10:40:13","slug":"shehu-rendit-arsyet-e-rritjes-se-vdekshmerise-foshnjore","status":"publish","type":"post","link":"https:\/\/jugulajm.net\/?p=46984","title":{"rendered":"Shehu rendit arsyet e rritjes s\u00eb vdekshm\u00ebris\u00eb foshnjore n\u00eb Shqip\u00ebri"},"content":{"rendered":"<p>Ish-ministri i Sh\u00ebndet\u00ebsis\u00eb dhe deputeti demokrat i Qarkut Gjirokaster, Prof. Dr. Tritan Shehu, e ka cil\u00ebsuar si shum\u00eb shqet\u00ebsuese vdekshm\u00ebrin\u00eb foshnjore q\u00eb ka ardhur n\u00eb nj\u00eb rritje progresive prej vitit 2012.<\/p>\n<p>Sipas Shehut ky \u00ebsht\u00eb nj\u00eb tregues shum\u00eb i r\u00ebnd\u00ebsish\u00ebm q\u00eb lidhet me nivelin e sistemit pediatrik, farmaceutik, spitalor, ekonomik si dhe edukimin n\u00eb t\u00ebr\u00ebsi t\u00eb popullsis\u00eb apo konkretisht edukimin sh\u00ebndet\u00ebsor.<\/p>\n<p data-min-tv-running=\"true\">\u201cNe i jemi afruar nivelit t\u00eb vdekshm\u00ebris\u00eb foshnjore q\u00eb kemi pasur n\u00eb koh\u00ebn e komunizmit,\u201d \u2013 u shpreh ish-ministri i shendetesise Shehu.<\/p>\n<p>Gjithashtu Shehu tha se ky \u00ebsht\u00eb nj\u00eb alarm q\u00eb duhet t\u00eb ngrihet dhe nuk ka dyshim se jemi p\u00ebrball\u00eb nj\u00eb katastrofe.<\/p>\n<p>Sipas tij po shkojm\u00eb drejt zhdukjes s\u00eb popullsis\u00eb shqiptare duke marr\u00eb parasysh rritjen e vdekjeve foshnjore, numrit t\u00eb aborteve dhe uljen e lindshm\u00ebris\u00eb, q\u00eb si\u00e7 specifikoi ish-ministri \u00ebsht\u00eb 1.7 p\u00ebr grua.<\/p>\n","protected":false},"excerpt":{"rendered":"<p>Ish-ministri i Sh\u00ebndet\u00ebsis\u00eb dhe deputeti demokrat i Qarkut Gjirokaster, Prof. Dr. Tritan Shehu, e ka cil\u00ebsuar si shum\u00eb shqet\u00ebsuese vdekshm\u00ebrin\u00eb foshnjore q\u00eb ka ardhur n\u00eb nj\u00eb rritje progresive prej vitit 2012. Sipas Shehut ky \u00ebsht\u00eb nj\u00eb tregues shum\u00eb i r\u00ebnd\u00ebsish\u00ebm q\u00eb lidhet me nivelin e sistemit pediatrik, farmaceutik, spitalor, ekonomik si dhe edukimin n\u00eb t\u00ebr\u00ebsi [&hellip;]<\/p>\n","protected":false},"author":5,"featured_media":27636,"comment_status":"open","ping_status":"open","sticky":false,"template":"","format":"standard","meta":{"footnotes":""},"categories":[6326,7652,6332],"tags":[],"class_list":{"0":"post-46984","1":"post","2":"type-post","3":"status-publish","4":"format-standard","5":"has-post-thumbnail","7":"category-politike","8":"category-shendetesi","9":"category-te-fundit"},"_links":{"self":[{"href":"https:\/\/jugulajm.net\/index.php?rest_route=\/wp\/v2\/posts\/46984","targetHints":{"allow":["GET"]}}],"collection":[{"href":"https:\/\/jugulajm.net\/index.php?rest_route=\/wp\/v2\/posts"}],"about":[{"href":"https:\/\/jugulajm.net\/index.php?rest_route=\/wp\/v2\/types\/post"}],"author":[{"embeddable":true,"href":"https:\/\/jugulajm.net\/index.php?rest_route=\/wp\/v2\/users\/5"}],"replies":[{"embeddable":true,"href":"https:\/\/jugulajm.net\/index.php?rest_route=%2Fwp%2Fv2%2Fcomments&post=46984"}],"version-history":[{"count":0,"href":"https:\/\/jugulajm.net\/index.php?rest_route=\/wp\/v2\/posts\/46984\/revisions"}],"wp:featuredmedia":[{"embeddable":true,"href":"https:\/\/jugulajm.net\/index.php?rest_route=\/"}],"wp:attachment":[{"href":"https:\/\/jugulajm.net\/index.php?rest_route=%2Fwp%2Fv2%2Fmedia&parent=46984"}],"wp:term":[{"taxonomy":"category","embeddable":true,"href":"https:\/\/jugulajm.net\/index.php?rest_route=%2Fwp%2Fv2%2Fcategories&post=46984"},{"taxonomy":"post_tag","embeddable":true,"href":"https:\/\/jugulajm.net\/index.php?rest_route=%2Fwp%2Fv2%2Ftags&post=46984"}],"curies":[{"name":"wp","href":"https:\/\/api.w.org\/{rel}","templated":true}]}}