{"id":46922,"date":"2022-05-27T18:03:37","date_gmt":"2022-05-27T16:03:37","guid":{"rendered":"https:\/\/jugulajm.net\/?p=46922"},"modified":"2022-05-27T18:03:37","modified_gmt":"2022-05-27T16:03:37","slug":"kujdes-po-vjen-stuhi-e-madhe-drejt-ballkanit","status":"publish","type":"post","link":"https:\/\/jugulajm.net\/?p=46922","title":{"rendered":"KUJDES\/ Po vjen stuhi e madhe drejt Ballkanit"},"content":{"rendered":"<p>Sistemi evropian i paralajm\u00ebrimit t\u00eb stuhis\u00eb, ka l\u00ebshuar nj\u00eb paralajm\u00ebrim t\u00eb \u2018shkall\u00ebs s\u00eb par\u00eb\u2019 p\u00ebr nj\u00eb stuhi q\u00eb pritet t\u00eb p\u00ebrfshij\u00eb rajonin e Ballkanit. Sipas t\u00eb dh\u00ebnave t\u00eb publikuara n\u00eb faqen e tyre t\u00eb internetit, stuhia do t\u00eb sjell\u00eb reshje shiu dhe er\u00ebra t\u00eb forta. Stuhia do t\u00eb l\u00ebviz\u00eb drejt juglindjes gjat\u00eb mbr\u00ebmjes dhe nat\u00ebs.<\/p>\n<p>Vala e t\u00eb ftohtit do t\u00eb l\u00ebviz\u00eb n\u00eb lindje n\u00eb t\u00eb gjith\u00eb Rusin\u00eb jugore, nd\u00ebrsa er\u00ebra t\u00eb forta paralajm\u00ebrohen edhe p\u00ebr shtetet baltike dhe Bjellorusin\u00eb, ku ka edhe mund\u00ebsi p\u00ebr p\u00ebr tornado.<\/p>\n<p>Mot i ngjash\u00ebm pritet edhe n\u00eb Ballkanin jugor q\u00eb m\u00eb pas do t\u00eb l\u00ebviz\u00eb drejt Turqis\u00eb. Nga k\u00ebto kushte atmosferike do t\u00eb p\u00ebrfshihet dhe vendi yn\u00eb, por nuk dihet sesa do t\u00eb zgjas\u00eb stuhia.<\/p>\n<p>Parashikohet q\u00eb n\u00eb lindje t\u00eb vendit do t\u00eb shoq\u00ebrohen me reshje shiu t\u00eb her\u00ebpashershme me intensitet t\u00eb ul\u00ebt deri mesatar n\u00eb form\u00ebn e shtr\u00ebngatave dhe stuhive. Lokalisht reshjet n\u00eb form\u00ebn e rrebesheve shoq\u00ebruar me bresh\u00ebr. Nd\u00ebrsa dit\u00ebn e diel\u00eb, moti parashikohet me vran\u00ebsira mesatare deri t\u00eb dendura por edhe alternime t\u00eb her\u00ebpashershme me diell.<\/p>\n<p>Reshje shiu t\u00eb her\u00ebpashershme me intensitet t\u00eb ul\u00ebt dhe kryesisht mesatar n\u00eb form\u00ebn e shtr\u00ebngatave dhe hera-her\u00ebs dhe lokalisht reshjet me intensitet deri n\u00eb form\u00ebn e rrebesheve dhe stuhive shoq\u00ebruar me shkarkesa elektrike dhe bresh\u00ebr. P\u00ebr shkak t\u00eb masave ajrore m\u00eb t\u00eb fresk\u00ebta dhe reshjeve t\u00eb shiut p\u00ebr dit\u00ebn e Diel parashikohet nj\u00eb r\u00ebnie e ndjeshme e temperaturave n\u00eb vlerat e mesdit\u00ebs.<\/p>\n","protected":false},"excerpt":{"rendered":"<p>Sistemi evropian i paralajm\u00ebrimit t\u00eb stuhis\u00eb, ka l\u00ebshuar nj\u00eb paralajm\u00ebrim t\u00eb \u2018shkall\u00ebs s\u00eb par\u00eb\u2019 p\u00ebr nj\u00eb stuhi q\u00eb pritet t\u00eb p\u00ebrfshij\u00eb rajonin e Ballkanit. Sipas t\u00eb dh\u00ebnave t\u00eb publikuara n\u00eb faqen e tyre t\u00eb internetit, stuhia do t\u00eb sjell\u00eb reshje shiu dhe er\u00ebra t\u00eb forta. Stuhia do t\u00eb l\u00ebviz\u00eb drejt juglindjes gjat\u00eb mbr\u00ebmjes dhe nat\u00ebs. [&hellip;]<\/p>\n","protected":false},"author":5,"featured_media":28614,"comment_status":"open","ping_status":"open","sticky":false,"template":"","format":"standard","meta":{"footnotes":""},"categories":[7650,6332],"tags":[],"class_list":{"0":"post-46922","1":"post","2":"type-post","3":"status-publish","4":"format-standard","5":"has-post-thumbnail","7":"category-moti","8":"category-te-fundit"},"_links":{"self":[{"href":"https:\/\/jugulajm.net\/index.php?rest_route=\/wp\/v2\/posts\/46922","targetHints":{"allow":["GET"]}}],"collection":[{"href":"https:\/\/jugulajm.net\/index.php?rest_route=\/wp\/v2\/posts"}],"about":[{"href":"https:\/\/jugulajm.net\/index.php?rest_route=\/wp\/v2\/types\/post"}],"author":[{"embeddable":true,"href":"https:\/\/jugulajm.net\/index.php?rest_route=\/wp\/v2\/users\/5"}],"replies":[{"embeddable":true,"href":"https:\/\/jugulajm.net\/index.php?rest_route=%2Fwp%2Fv2%2Fcomments&post=46922"}],"version-history":[{"count":0,"href":"https:\/\/jugulajm.net\/index.php?rest_route=\/wp\/v2\/posts\/46922\/revisions"}],"wp:featuredmedia":[{"embeddable":true,"href":"https:\/\/jugulajm.net\/index.php?rest_route=\/"}],"wp:attachment":[{"href":"https:\/\/jugulajm.net\/index.php?rest_route=%2Fwp%2Fv2%2Fmedia&parent=46922"}],"wp:term":[{"taxonomy":"category","embeddable":true,"href":"https:\/\/jugulajm.net\/index.php?rest_route=%2Fwp%2Fv2%2Fcategories&post=46922"},{"taxonomy":"post_tag","embeddable":true,"href":"https:\/\/jugulajm.net\/index.php?rest_route=%2Fwp%2Fv2%2Ftags&post=46922"}],"curies":[{"name":"wp","href":"https:\/\/api.w.org\/{rel}","templated":true}]}}