{"id":46750,"date":"2022-05-22T12:09:41","date_gmt":"2022-05-22T10:09:41","guid":{"rendered":"https:\/\/jugulajm.net\/?p=46750"},"modified":"2022-05-22T12:09:41","modified_gmt":"2022-05-22T10:09:41","slug":"aleanca-per-mbrojtjen-e-butrintit-kundershton-projektin-e-qeverise","status":"publish","type":"post","link":"https:\/\/jugulajm.net\/?p=46750","title":{"rendered":"Aleanca p\u00ebr mbrojtjen e Butrintit kund\u00ebrshton projektin e qeveris\u00eb"},"content":{"rendered":"<p>N\u00eb Tiran\u00eb nj\u00eb grup veprimtar\u00ebsh, studiuesish dhe ekspert\u00ebsh t\u00eb historis\u00eb dhe arkeologjis\u00eb zhvilluan nj\u00eb tubim ku shpall\u00ebn krijimin e Aleanc\u00ebs p\u00ebr Mbrojtjen e Butrintit.<\/p>\n<div class=\"wp-block-columns\">\n<div class=\"wp-block-column\">Ata than\u00eb se do t\u00eb b\u00ebjn\u00eb \u00e7do p\u00ebrpjekje p\u00ebr t\u00eb ruajtur t\u00eb paprekur k\u00ebt\u00eb zon\u00eb t\u00eb r\u00ebnd\u00ebsishme t\u00eb historis\u00eb dhe t\u00eb trash\u00ebgimis\u00eb kulturore.<\/div>\n<\/div>\n<p>Pjes\u00ebmarr\u00ebsit pohuan se qeveria nuk u ka marr\u00eb ndonj\u00eb mendim profesional p\u00ebr menaxhimin e Parkut t\u00eb Butrintit, dhe sipas tyre, autoritetet nuk kan\u00eb zhvilluar as d\u00ebgjesa publike, sic kan\u00eb pretenduar.<\/p>\n<div class=\"wp-block-columns\">\n<div class=\"wp-block-column\">Aleanca p\u00ebr Mbrojtjen e Butrintit, pohuan organizator\u00ebt, \u00ebsht\u00eb nj\u00eb aleanc\u00eb qytetare, q\u00eb synon t\u00eb nxit\u00eb autoritetet q\u00eb t\u00eb veprojn\u00eb me kujdes dhe profesionaliz\u00ebm shkencor n\u00eb nj\u00eb zon\u00eb delikate me vlera t\u00eb m\u00ebdha si Parku Komb\u00ebtar i Butrintit.<\/div>\n<\/div>\n<div class=\"wp-block-columns\">\n<div class=\"wp-block-column\"><\/div>\n<\/div>\n<p>Qeveria miratoi nj\u00eb marr\u00ebveshje me Fondacionin Shqiptaro- Amerikan t\u00eb Zhvillimit p\u00ebr menaxhimin e Parkut Komb\u00ebtar t\u00eb Butrintit n\u00eb 10 vitet e ardhshme, sipas nj\u00eb plani, q\u00eb parashikon mbrojtjen e Parkut dhe financimin nga AADF 5 milion\u00eb dollar\u00eb p\u00ebr k\u00ebt\u00eb q\u00ebllim.<\/p>\n","protected":false},"excerpt":{"rendered":"<p>N\u00eb Tiran\u00eb nj\u00eb grup veprimtar\u00ebsh, studiuesish dhe ekspert\u00ebsh t\u00eb historis\u00eb dhe arkeologjis\u00eb zhvilluan nj\u00eb tubim ku shpall\u00ebn krijimin e Aleanc\u00ebs p\u00ebr Mbrojtjen e Butrintit. Ata than\u00eb se do t\u00eb b\u00ebjn\u00eb \u00e7do p\u00ebrpjekje p\u00ebr t\u00eb ruajtur t\u00eb paprekur k\u00ebt\u00eb zon\u00eb t\u00eb r\u00ebnd\u00ebsishme t\u00eb historis\u00eb dhe t\u00eb trash\u00ebgimis\u00eb kulturore. Pjes\u00ebmarr\u00ebsit pohuan se qeveria nuk u ka marr\u00eb [&hellip;]<\/p>\n","protected":false},"author":5,"featured_media":46751,"comment_status":"open","ping_status":"open","sticky":false,"template":"","format":"standard","meta":{"footnotes":""},"categories":[6332,6333],"tags":[18195],"class_list":{"0":"post-46750","1":"post","2":"type-post","3":"status-publish","4":"format-standard","5":"has-post-thumbnail","7":"category-te-fundit","8":"category-turizem","9":"tag-aleanca-per-mbrojtjen-e-butrintit-kundershton-projektin-e-qeverise"},"_links":{"self":[{"href":"https:\/\/jugulajm.net\/index.php?rest_route=\/wp\/v2\/posts\/46750","targetHints":{"allow":["GET"]}}],"collection":[{"href":"https:\/\/jugulajm.net\/index.php?rest_route=\/wp\/v2\/posts"}],"about":[{"href":"https:\/\/jugulajm.net\/index.php?rest_route=\/wp\/v2\/types\/post"}],"author":[{"embeddable":true,"href":"https:\/\/jugulajm.net\/index.php?rest_route=\/wp\/v2\/users\/5"}],"replies":[{"embeddable":true,"href":"https:\/\/jugulajm.net\/index.php?rest_route=%2Fwp%2Fv2%2Fcomments&post=46750"}],"version-history":[{"count":0,"href":"https:\/\/jugulajm.net\/index.php?rest_route=\/wp\/v2\/posts\/46750\/revisions"}],"wp:featuredmedia":[{"embeddable":true,"href":"https:\/\/jugulajm.net\/index.php?rest_route=\/wp\/v2\/media\/46751"}],"wp:attachment":[{"href":"https:\/\/jugulajm.net\/index.php?rest_route=%2Fwp%2Fv2%2Fmedia&parent=46750"}],"wp:term":[{"taxonomy":"category","embeddable":true,"href":"https:\/\/jugulajm.net\/index.php?rest_route=%2Fwp%2Fv2%2Fcategories&post=46750"},{"taxonomy":"post_tag","embeddable":true,"href":"https:\/\/jugulajm.net\/index.php?rest_route=%2Fwp%2Fv2%2Ftags&post=46750"}],"curies":[{"name":"wp","href":"https:\/\/api.w.org\/{rel}","templated":true}]}}