{"id":46468,"date":"2022-05-14T13:39:13","date_gmt":"2022-05-14T11:39:13","guid":{"rendered":"https:\/\/jugulajm.net\/?p=46468"},"modified":"2022-05-14T13:39:13","modified_gmt":"2022-05-14T11:39:13","slug":"rrefehet-bllako-ja-cfare-deklaroi-ish-deputeti-socialist","status":"publish","type":"post","link":"https:\/\/jugulajm.net\/?p=46468","title":{"rendered":"Rr\u00ebfehet Bllako\/ Ja \u00e7far\u00eb deklaroi ish deputeti socialist"},"content":{"rendered":"<p>Ka p\u00ebrfunduar pa liri seanca n\u00eb Gjykat\u00ebn e Apelit p\u00ebr ish-deputetin socialist Alqi Bllako. Ish-deputeti i PS Alqi Bllako ka folur n\u00eb seanc\u00ebn e sotme, pasi k\u00ebrkoi ndryshimin e mas\u00ebs s\u00eb siguris\u00eb.<\/p>\n<p>Bllako tha para gjykat\u00ebs se n\u00eb procedurat e shpron\u00ebsimit p\u00ebr tok\u00ebn ku \u00ebsht\u00eb nd\u00ebrtuar inceneratori i Fierit nuk ka pasur asnj\u00eb rol, pasi n\u00eb cil\u00ebsin\u00eb e Sekretarit t\u00eb P\u00ebrgjithsh\u00ebm t\u00eb Ministris\u00eb s\u00eb Mjedisit vet\u00ebm ka p\u00ebrcjell\u00eb praktik\u00ebn p\u00ebr shpron\u00ebsim t\u00eb hartuar nga komisioni i ngritur me urdh\u00ebr te Ministrit.<\/p>\n<p>Sa i p\u00ebrket korrupsionit pasiv lidhur me te ardhurat e krijuara nga babai si i pun\u00ebsuar n\u00eb inceneratorin e Tiran\u00ebs, Bllako tha se n\u00eb at\u00eb koh\u00eb ka qen\u00eb i pun\u00ebsuar n\u00eb Presidenc\u00eb dhe jo n\u00eb Ministrin\u00eb e Mjedisit, e p\u00ebr pasoj\u00eb nuk kishte se si t\u00eb ndikonte. Sipas tij, t\u00eb ardhurat e fituara n\u00eb incenerator jan\u00eb t\u00eb ligjshme.<\/p>\n<p>Gjat\u00eb seanc\u00ebs, avokati i ish-deputetit k\u00ebmb\u00ebnguli p\u00ebr nj\u00eb mas\u00eb m\u00eb t\u00eb leht\u00eb sigurie pasi Bllako nuk kishte mund\u00ebsi t\u00eb nd\u00ebrhynte tek provat, por gjykat\u00ebsja Ilirjana Olldashi e la at\u00eb n\u00ebn mas\u00ebn e arrestit me burg.<\/p>\n<p>N\u00eb lidhje me hapat e ardhshme q\u00eb do t\u00eb nd\u00ebrmerren, avokati paralajm\u00ebroi q\u00eb do t\u00eb ndiqet rruga gjyq\u00ebsore dhe se do t\u2019i drejtohen me rekurs Gjykat\u00ebs s\u00eb Lart\u00eb. Por kjo gjykat\u00eb ka rr\u00ebzuar m\u00eb par\u00eb rekursin p\u00ebr ish ministrin Lefter Koka, ndaj ka pak gjas\u00eb q\u00eb ky rekurs t\u00eb pranohet.<\/p>\n","protected":false},"excerpt":{"rendered":"<p>Ka p\u00ebrfunduar pa liri seanca n\u00eb Gjykat\u00ebn e Apelit p\u00ebr ish-deputetin socialist Alqi Bllako. Ish-deputeti i PS Alqi Bllako ka folur n\u00eb seanc\u00ebn e sotme, pasi k\u00ebrkoi ndryshimin e mas\u00ebs s\u00eb siguris\u00eb. Bllako tha para gjykat\u00ebs se n\u00eb procedurat e shpron\u00ebsimit p\u00ebr tok\u00ebn ku \u00ebsht\u00eb nd\u00ebrtuar inceneratori i Fierit nuk ka pasur asnj\u00eb rol, pasi [&hellip;]<\/p>\n","protected":false},"author":5,"featured_media":45592,"comment_status":"open","ping_status":"open","sticky":false,"template":"","format":"standard","meta":{"footnotes":""},"categories":[1,6326,6332],"tags":[17772],"class_list":{"0":"post-46468","1":"post","2":"type-post","3":"status-publish","4":"format-standard","5":"has-post-thumbnail","7":"category-aktualitet","8":"category-politike","9":"category-te-fundit","10":"tag-alqi-bllako"},"_links":{"self":[{"href":"https:\/\/jugulajm.net\/index.php?rest_route=\/wp\/v2\/posts\/46468","targetHints":{"allow":["GET"]}}],"collection":[{"href":"https:\/\/jugulajm.net\/index.php?rest_route=\/wp\/v2\/posts"}],"about":[{"href":"https:\/\/jugulajm.net\/index.php?rest_route=\/wp\/v2\/types\/post"}],"author":[{"embeddable":true,"href":"https:\/\/jugulajm.net\/index.php?rest_route=\/wp\/v2\/users\/5"}],"replies":[{"embeddable":true,"href":"https:\/\/jugulajm.net\/index.php?rest_route=%2Fwp%2Fv2%2Fcomments&post=46468"}],"version-history":[{"count":0,"href":"https:\/\/jugulajm.net\/index.php?rest_route=\/wp\/v2\/posts\/46468\/revisions"}],"wp:featuredmedia":[{"embeddable":true,"href":"https:\/\/jugulajm.net\/index.php?rest_route=\/wp\/v2\/media\/45592"}],"wp:attachment":[{"href":"https:\/\/jugulajm.net\/index.php?rest_route=%2Fwp%2Fv2%2Fmedia&parent=46468"}],"wp:term":[{"taxonomy":"category","embeddable":true,"href":"https:\/\/jugulajm.net\/index.php?rest_route=%2Fwp%2Fv2%2Fcategories&post=46468"},{"taxonomy":"post_tag","embeddable":true,"href":"https:\/\/jugulajm.net\/index.php?rest_route=%2Fwp%2Fv2%2Ftags&post=46468"}],"curies":[{"name":"wp","href":"https:\/\/api.w.org\/{rel}","templated":true}]}}