{"id":46402,"date":"2022-05-12T11:54:25","date_gmt":"2022-05-12T09:54:25","guid":{"rendered":"https:\/\/jugulajm.net\/?p=46402"},"modified":"2022-05-12T11:54:25","modified_gmt":"2022-05-12T09:54:25","slug":"shehu-inskenim-pervers-i-bardhit-pse-nuk-ben-denoncim-ligjor","status":"publish","type":"post","link":"https:\/\/jugulajm.net\/?p=46402","title":{"rendered":"Shehu: Inskenim pervers i Bardhit, pse nuk b\u00ebn denoncim ligjor?"},"content":{"rendered":"<p>Nj\u00eb p\u00ebrplasje u sh\u00ebnua n\u00eb Kuvend mes disa deputet\u00ebve demokrat\u00eb.<\/p>\n<p>Ata akuzojn\u00eb Gazment Bardhin, se po p\u00ebrhap shpifje se nj\u00ebri prej tyre ka n\u00eb pron\u00ebsi nj\u00eb vil\u00eb me vler\u00eb 760 mij\u00eb euro.<\/p>\n<p>Pas p\u00ebrplasjes, Bardhi b\u00ebri nj\u00eb postim ku shkruan se pas debateve, vlera e vil\u00ebs \u00ebsht\u00eb ulur n\u00eb 670 mij\u00eb euro, por pa th\u00ebn\u00eb se e kujt \u00ebsht\u00eb vila.<\/p>\n<p>Nderkohe, ka reaguar edhe deputeti demokrat i Qarkut Gjirokaster, Prof. Dr. Tritan Shehu, duke thene se k\u00ebto jan\u00eb inskenime perverse t\u00eb Bardhit.<\/p>\n<div id=\"rekl-13\"><strong>Ja reagimi i plote i Shehut:<\/strong><\/div>\n<div id=\"rekl-56\"><\/div>\n<p>\u201cInskenime t\u00eb pista, perverse t\u00eb Gaz Bardhit!<\/p>\n<p>\u00cbsht\u00eb vep\u00ebr antiligjore, p\u00ebrve\u00e7se ndesh dhe me \u00e7do norm\u00eb morali, transparence, \u201cburr\u00ebrie\u201d, t\u00eb p\u00ebrhapesh aludime e meskinitete p\u00ebr koleg\u00ebt n\u00eb publik e media.<\/p>\n<p>K\u00ebt\u00eb po b\u00ebn dhe Gazi prej disa dit\u00ebsh, duke arritur kulmin mbr\u00ebm\u00eb, kur ngushton rrethin e te \u201cakuzuarve\u201d prej tij n\u00eb 3-5 deputet\u00eb, p\u00ebrfshi dhe mua.<\/p>\n<p>Dhe k\u00ebt\u00eb e b\u00ebn nj\u00eb deputet, ish-minist\u00ebr i drejt\u00ebsis\u00eb, pseudo-jurist n\u00eb fakt ai.<\/p>\n<p>Me k\u00ebt\u00eb rast d\u00ebshiroj t\u2019i kujtoj k\u00ebtij individi, pa as minimumin e personalitetit dhe integritetit se:<\/p>\n<p>1-\u00cbsht\u00eb detyrim ligjor p\u00ebr \u00e7do qytetar, ve\u00e7an\u00ebrisht deputet, t\u00eb denoncoj\u00eb n\u00eb organet p\u00ebrkat\u00ebse \u00e7do vep\u00ebr kriminale q\u00eb di, dhe mos ta p\u00ebrdor\u00eb p\u00ebr t\u00eb hedhur aludime dyshuese, shpifjeje p\u00ebr koleget.<\/p>\n<p>N\u00eb rast se realisht ai di nj\u00eb vep\u00ebr t\u00eb till\u00eb, si\u00e7 deklaron dhe nuk e denoncon, akuzohet p\u00ebr fshehje krimi, gj\u00eb p\u00ebr t\u00eb cil\u00ebn duhet thirrur nga organet e drejt\u00ebsis\u00eb e d\u00ebnuar ligj\u00ebrisht.<\/p>\n<p>2-Nd\u00ebrsa n\u00eb lidhje me p\u00ebrgjegj\u00ebsit\u00eb morale e m\u00eb gjer\u00eb t\u00eb tij p\u00ebr shpifje, g\u00ebnjeshtra etj, besoj se nuk ka ndonj\u00eb arsye p\u00ebr t\u00eb humbur kohe duke ia k\u00ebrkuar.<\/p>\n<p>Ato mund t\u2019i k\u00ebrkohen vet\u00ebm dikujt q\u00eb ka ndonj\u00eb vler\u00eb morale, gj\u00eb q\u00eb si\u00e7 duket te Gazi mungojn\u00eb krejt\u00ebsisht.<\/p>\n<p>Nj\u00eb akt i turpsh\u00ebm e pervers ky i k\u00ebtij \u201cburreci\u201d!\u201d<\/p>\n","protected":false},"excerpt":{"rendered":"<p>Nj\u00eb p\u00ebrplasje u sh\u00ebnua n\u00eb Kuvend mes disa deputet\u00ebve demokrat\u00eb. Ata akuzojn\u00eb Gazment Bardhin, se po p\u00ebrhap shpifje se nj\u00ebri prej tyre ka n\u00eb pron\u00ebsi nj\u00eb vil\u00eb me vler\u00eb 760 mij\u00eb euro. Pas p\u00ebrplasjes, Bardhi b\u00ebri nj\u00eb postim ku shkruan se pas debateve, vlera e vil\u00ebs \u00ebsht\u00eb ulur n\u00eb 670 mij\u00eb euro, por pa th\u00ebn\u00eb [&hellip;]<\/p>\n","protected":false},"author":5,"featured_media":46403,"comment_status":"open","ping_status":"open","sticky":false,"template":"","format":"standard","meta":{"footnotes":""},"categories":[6326,6332],"tags":[],"class_list":{"0":"post-46402","1":"post","2":"type-post","3":"status-publish","4":"format-standard","5":"has-post-thumbnail","7":"category-politike","8":"category-te-fundit"},"_links":{"self":[{"href":"https:\/\/jugulajm.net\/index.php?rest_route=\/wp\/v2\/posts\/46402","targetHints":{"allow":["GET"]}}],"collection":[{"href":"https:\/\/jugulajm.net\/index.php?rest_route=\/wp\/v2\/posts"}],"about":[{"href":"https:\/\/jugulajm.net\/index.php?rest_route=\/wp\/v2\/types\/post"}],"author":[{"embeddable":true,"href":"https:\/\/jugulajm.net\/index.php?rest_route=\/wp\/v2\/users\/5"}],"replies":[{"embeddable":true,"href":"https:\/\/jugulajm.net\/index.php?rest_route=%2Fwp%2Fv2%2Fcomments&post=46402"}],"version-history":[{"count":0,"href":"https:\/\/jugulajm.net\/index.php?rest_route=\/wp\/v2\/posts\/46402\/revisions"}],"wp:featuredmedia":[{"embeddable":true,"href":"https:\/\/jugulajm.net\/index.php?rest_route=\/wp\/v2\/media\/46403"}],"wp:attachment":[{"href":"https:\/\/jugulajm.net\/index.php?rest_route=%2Fwp%2Fv2%2Fmedia&parent=46402"}],"wp:term":[{"taxonomy":"category","embeddable":true,"href":"https:\/\/jugulajm.net\/index.php?rest_route=%2Fwp%2Fv2%2Fcategories&post=46402"},{"taxonomy":"post_tag","embeddable":true,"href":"https:\/\/jugulajm.net\/index.php?rest_route=%2Fwp%2Fv2%2Ftags&post=46402"}],"curies":[{"name":"wp","href":"https:\/\/api.w.org\/{rel}","templated":true}]}}