{"id":46388,"date":"2022-05-11T13:33:22","date_gmt":"2022-05-11T11:33:22","guid":{"rendered":"https:\/\/jugulajm.net\/?p=46388"},"modified":"2022-05-11T13:33:22","modified_gmt":"2022-05-11T11:33:22","slug":"shehu-maxhoranca-kunder-rezolutes-qe-denon-gjenocidin-ne-srebrenice-akt-i-rende","status":"publish","type":"post","link":"https:\/\/jugulajm.net\/?p=46388","title":{"rendered":"Shehu: Maxhoranca kund\u00ebr rezolut\u00ebs q\u00eb d\u00ebnon gjenocidin n\u00eb Srebrenic\u00eb, akt i r\u00ebnd\u00eb"},"content":{"rendered":"<p>Deputeti i PD-s\u00eb per Qarkun Gjirokaster, Prof. Dr. Tritan Shehu, e ka cil\u00ebsuar nj\u00eb akt t\u00eb r\u00ebnd\u00eb \u2018bllokimin e rezolut\u00ebs q\u00eb d\u00ebnon gjenocidin n\u00eb Srebrenic\u00eb. Shehu tha se \u00ebsht\u00eb i befasuar q\u00eb maxhoranca nuk ka pranuar q\u00eb kjo rezolut\u00eb t\u00eb kaloj\u00eb n\u00eb parlament.<\/p>\n<p>Ne nje reagim ne fb, Shehu nder te tjera shprehet se: \u201cNuk prisja k\u00ebt\u00eb q\u00ebndrim q\u00eb mbajt\u00ebn t\u00eb majt\u00ebt. Jam i befasuar sepse ata nuk pranuan q\u00eb kjo rezolut\u00eb t\u00eb kaloj\u00eb n\u00eb parlamentin shqiptar.&#8221;<\/p>\n<p><strong>Ja reagimi i Shehut:<\/strong><\/p>\n<p>Nuk prisja k\u00ebt\u00eb q\u00ebndrim q\u00eb mbajt\u00ebn t\u00eb majt\u00ebt, i befasuar se nuk pranuan k\u00ebt\u00eb rezolut\u00eb q\u00eb d\u00ebnon genocidin ne Srebrenic\u00eb.<\/p>\n<p>Parlamenti shqiptar\u00a0deri m\u00eb sot s\u2019ka kaluar asnj\u00eb dokument zyrtar p\u00ebr t\u00eb d\u00ebnuar k\u00ebt\u00eb genocid, si ka b\u00ebr\u00eb PE, krijon nj\u00eb impakt shum\u00eb t\u00eb madh p\u00ebr Kuvendin p\u00ebr mos pranimin p\u00ebr t\u00eb d\u00ebnuar genocidin n\u00eb Srebrenic\u00eb.<\/p>\n<p>P\u00ebr mua \u00ebsht\u00eb akt i r\u00ebnd\u00eb me dometh\u00ebnie t\u00eb madhe politike.<\/p>\n<p>Ky bllokim i k\u00ebsaj rezolute, kur problemet n\u00eb Evrop\u00eb jan\u00eb kaq t\u00eb v\u00ebshtira pas agresionit fashist rus n\u00eb Ukrain\u00eb, kur Serbia s\u2019ka pranuar sanksionet kund\u00ebr Rusis\u00eb,\u00a0dometh\u00ebn\u00eb t\u00eb jesh i detyruar shum\u00eb t\u00eb mos pranosh t\u00eb hap\u00ebsh nj\u00eb kerkese kaq t\u00eb vlefsh\u00ebm q\u00eb do k\u00ebrkonte jo d\u00ebnimin por k\u00ebrkes\u00ebn p\u00ebr falje.<\/p>\n<p>Do thot\u00eb mos duash ti kund\u00ebrvihesh k\u00ebtyre element\u00ebve e mos marr\u00ebsh pjes\u00eb n\u00eb politika paqeje.<\/p>\n<p>K\u00ebtu kemi t\u00eb b\u00ebjm\u00eb me nje lidhje okulte t\u00eb fort\u00eb jo vet\u00ebm me Balkanin e Hapur, me Vucic padyshim me lindjen me Rusin\u00eb, lidhje q\u00eb n\u00eb k\u00ebt\u00eb m\u00ebnyr\u00eb k\u00ebrkojn\u00eb e mund t\u00eb krijojn\u00eb probleme negative p\u00ebr rajonin ton\u00eb.<\/p>\n<p>Sipas q\u00ebndrimit q\u00eb mbajti PS, shpresoj q\u00eb nes\u00ebr seanca plenare do vendos\u00eb t\u00eb kund\u00ebrt\u00ebn, nuk do lejojn\u00eb k\u00ebt\u00eb aventuriz\u00ebm q\u00eb t\u00eb majt\u00ebt sot n\u00eb konferenc\u00ebn e kryetar\u00ebve nd\u00ebrmor\u00ebn.<\/p>\n","protected":false},"excerpt":{"rendered":"<p>Deputeti i PD-s\u00eb per Qarkun Gjirokaster, Prof. Dr. Tritan Shehu, e ka cil\u00ebsuar nj\u00eb akt t\u00eb r\u00ebnd\u00eb \u2018bllokimin e rezolut\u00ebs q\u00eb d\u00ebnon gjenocidin n\u00eb Srebrenic\u00eb. Shehu tha se \u00ebsht\u00eb i befasuar q\u00eb maxhoranca nuk ka pranuar q\u00eb kjo rezolut\u00eb t\u00eb kaloj\u00eb n\u00eb parlament. Ne nje reagim ne fb, Shehu nder te tjera shprehet se: \u201cNuk [&hellip;]<\/p>\n","protected":false},"author":5,"featured_media":24250,"comment_status":"open","ping_status":"open","sticky":false,"template":"","format":"standard","meta":{"footnotes":""},"categories":[1,6326,6332],"tags":[18055],"class_list":{"0":"post-46388","1":"post","2":"type-post","3":"status-publish","4":"format-standard","5":"has-post-thumbnail","7":"category-aktualitet","8":"category-politike","9":"category-te-fundit","10":"tag-akt-i-rende"},"_links":{"self":[{"href":"https:\/\/jugulajm.net\/index.php?rest_route=\/wp\/v2\/posts\/46388","targetHints":{"allow":["GET"]}}],"collection":[{"href":"https:\/\/jugulajm.net\/index.php?rest_route=\/wp\/v2\/posts"}],"about":[{"href":"https:\/\/jugulajm.net\/index.php?rest_route=\/wp\/v2\/types\/post"}],"author":[{"embeddable":true,"href":"https:\/\/jugulajm.net\/index.php?rest_route=\/wp\/v2\/users\/5"}],"replies":[{"embeddable":true,"href":"https:\/\/jugulajm.net\/index.php?rest_route=%2Fwp%2Fv2%2Fcomments&post=46388"}],"version-history":[{"count":0,"href":"https:\/\/jugulajm.net\/index.php?rest_route=\/wp\/v2\/posts\/46388\/revisions"}],"wp:featuredmedia":[{"embeddable":true,"href":"https:\/\/jugulajm.net\/index.php?rest_route=\/"}],"wp:attachment":[{"href":"https:\/\/jugulajm.net\/index.php?rest_route=%2Fwp%2Fv2%2Fmedia&parent=46388"}],"wp:term":[{"taxonomy":"category","embeddable":true,"href":"https:\/\/jugulajm.net\/index.php?rest_route=%2Fwp%2Fv2%2Fcategories&post=46388"},{"taxonomy":"post_tag","embeddable":true,"href":"https:\/\/jugulajm.net\/index.php?rest_route=%2Fwp%2Fv2%2Ftags&post=46388"}],"curies":[{"name":"wp","href":"https:\/\/api.w.org\/{rel}","templated":true}]}}