{"id":46356,"date":"2022-05-10T16:20:48","date_gmt":"2022-05-10T14:20:48","guid":{"rendered":"https:\/\/jugulajm.net\/?p=46356"},"modified":"2022-05-10T16:20:48","modified_gmt":"2022-05-10T14:20:48","slug":"ushtria-shqiptare-tregon-forcen-ministri-peleshi-ne-kemi-kapacitet","status":"publish","type":"post","link":"https:\/\/jugulajm.net\/?p=46356","title":{"rendered":"Ushtria shqiptare tregon forc\u00ebn\/ Ministri Peleshi: Ne kemi kapacitet"},"content":{"rendered":"<div class=\"block-wrapper\">\n<div class=\"block-wrapper-inner\">\n<p>Ministri i Mbrojtjes, Niko Peleshi, ndoqi nga af\u00ebr nj\u00eb dit\u00eb nga trajnimi i efektiv\u00ebve t\u00eb Forc\u00ebs Tok\u00ebsore nga nj\u00eb grup i Brigad\u00ebs s\u00eb Siguris\u00eb dhe Trajnimit t\u00eb Komand\u00ebs Evropiane t\u00eb SHBA (SFAB).<\/p>\n<p>Ministri Peleshi tha se ky trajnim i sh\u00ebrben rritjes s\u00eb nivelit t\u00eb Forcave t\u00eb Armatosura shqiptare, si pjes\u00eb e NATO-s dhe certifikimit, n\u00eb shtator nga Aleanca.<\/p>\n<\/div>\n<\/div>\n<div class=\"block-wrapper\">\n<div class=\"block-wrapper-inner\">\n<p>\u201cNe kemi nj\u00eb kapacitet t\u00eb deklaruar n\u00eb NATO t\u00eb dislokuesh\u00ebm n\u00eb raste operacionesh, n\u00eb raste nevojash q\u00eb \u00ebsht\u00eb grup Batalioni i K\u00ebmb\u00ebsoris\u00eb. Natyrisht na duhet vazhdimishit t\u00eb trajnohemi dhe t\u00eb mbajm\u00eb standardet e k\u00ebrkuara nga NATO e p\u00ebr k\u00ebt\u00eb kemi nevoj\u00eb p\u00ebr asistenc\u00eb. Kemi asistenc\u00eb t\u00eb vyer nga partneri strategjik SHBA, t\u00eb cil\u00ebt p\u00ebrmes Brigad\u00ebs s\u00eb Siguris\u00eb dhe Trajnimit punojn\u00eb bashk\u00eb me Forc\u00ebn Tok\u00ebsore, grup batalionin e k\u00ebmb\u00ebsoris\u00eb p\u00ebr t\u2019i ngritur n\u00eb nivelin q\u00eb k\u00ebrkon NATO. N\u00eb shtator jemi t\u00eb bindur q\u00eb me sa po shohim, me ecurin\u00eb e k\u00ebtyre st\u00ebrvitjeve, trajnimeve ne do t\u00eb marrim me sukses certifikimin e kapacitetit ton\u00eb t\u00eb deklaruar n\u00eb NATO\u201d, u shpreh ministri i Mbrojtjes Niko Peleshi.<\/p>\n<\/div>\n<\/div>\n","protected":false},"excerpt":{"rendered":"<p>Ministri i Mbrojtjes, Niko Peleshi, ndoqi nga af\u00ebr nj\u00eb dit\u00eb nga trajnimi i efektiv\u00ebve t\u00eb Forc\u00ebs Tok\u00ebsore nga nj\u00eb grup i Brigad\u00ebs s\u00eb Siguris\u00eb dhe Trajnimit t\u00eb Komand\u00ebs Evropiane t\u00eb SHBA (SFAB). Ministri Peleshi tha se ky trajnim i sh\u00ebrben rritjes s\u00eb nivelit t\u00eb Forcave t\u00eb Armatosura shqiptare, si pjes\u00eb e NATO-s dhe certifikimit, n\u00eb [&hellip;]<\/p>\n","protected":false},"author":5,"featured_media":46357,"comment_status":"open","ping_status":"open","sticky":false,"template":"","format":"standard","meta":{"footnotes":""},"categories":[1,6332],"tags":[],"class_list":{"0":"post-46356","1":"post","2":"type-post","3":"status-publish","4":"format-standard","5":"has-post-thumbnail","7":"category-aktualitet","8":"category-te-fundit"},"_links":{"self":[{"href":"https:\/\/jugulajm.net\/index.php?rest_route=\/wp\/v2\/posts\/46356","targetHints":{"allow":["GET"]}}],"collection":[{"href":"https:\/\/jugulajm.net\/index.php?rest_route=\/wp\/v2\/posts"}],"about":[{"href":"https:\/\/jugulajm.net\/index.php?rest_route=\/wp\/v2\/types\/post"}],"author":[{"embeddable":true,"href":"https:\/\/jugulajm.net\/index.php?rest_route=\/wp\/v2\/users\/5"}],"replies":[{"embeddable":true,"href":"https:\/\/jugulajm.net\/index.php?rest_route=%2Fwp%2Fv2%2Fcomments&post=46356"}],"version-history":[{"count":0,"href":"https:\/\/jugulajm.net\/index.php?rest_route=\/wp\/v2\/posts\/46356\/revisions"}],"wp:featuredmedia":[{"embeddable":true,"href":"https:\/\/jugulajm.net\/index.php?rest_route=\/wp\/v2\/media\/46357"}],"wp:attachment":[{"href":"https:\/\/jugulajm.net\/index.php?rest_route=%2Fwp%2Fv2%2Fmedia&parent=46356"}],"wp:term":[{"taxonomy":"category","embeddable":true,"href":"https:\/\/jugulajm.net\/index.php?rest_route=%2Fwp%2Fv2%2Fcategories&post=46356"},{"taxonomy":"post_tag","embeddable":true,"href":"https:\/\/jugulajm.net\/index.php?rest_route=%2Fwp%2Fv2%2Ftags&post=46356"}],"curies":[{"name":"wp","href":"https:\/\/api.w.org\/{rel}","templated":true}]}}