{"id":46302,"date":"2022-05-09T13:09:56","date_gmt":"2022-05-09T11:09:56","guid":{"rendered":"https:\/\/jugulajm.net\/?p=46302"},"modified":"2022-05-09T13:09:56","modified_gmt":"2022-05-09T11:09:56","slug":"vendimi-nga-neser-vaji-i-lulediellit-do-te-vije-ne-shqiperi-nga-maqedonia-e-veriut","status":"publish","type":"post","link":"https:\/\/jugulajm.net\/?p=46302","title":{"rendered":"Vendimi\/  Nga nes\u00ebr vaji i lulediellit do t\u00eb vij\u00eb n\u00eb Shqip\u00ebri nga Maqedonia e Veriut"},"content":{"rendered":"<p>Nga nes\u00ebr, vaji i lulediellit do t\u00eb vij\u00eb n\u00eb Shqip\u00ebri nga Maqedonia e Veriut.<\/p>\n<p>Lajmin e b\u00ebri me dije n\u00eb nj\u00eb konferenc\u00eb p\u00ebr mediat ministrja e Financave Delina Ibrahimaj.<\/p>\n<p>Kjo marr\u00ebveshje \u00ebsht\u00eb arritur mes dy vendeve theksoi ministrja n\u00eb kuad\u00ebr t\u00eb bashk\u00ebpunimit nga nisma \u201cBallkani i Hapur\u201d.<\/p>\n<p>Ministrja e Financave Delina Ibrahimaj: \u201c<em>N\u00eb Meqedonin\u00eb e Veriut nes\u00ebr Republika e Maqedonis\u00eb s\u00eb Veriut, do t\u00eb marr\u00eb vendim t\u00eb r\u00ebnd\u00ebsish\u00ebm q\u00eb do \u00e7el\u00eb eksportet e vajit t\u00eb lulediellit p\u00ebr Shqip\u00ebrin\u00eb q\u00eb ishte nj\u00eb produkt q\u00eb sic kemi b\u00ebr\u00eb t\u00eb ditur \u00ebsht\u00eb nj\u00eb produkt q\u00eb importohej nga Ukraina dhe ka pasur munges\u00eb n\u00eb tregjet nd\u00ebrkomb\u00ebtare e arsyeja pse \u00e7mimet kan\u00eb qen\u00eb m\u00eb t\u00eb rritura.<\/em><\/p>\n<p><em>Dua t\u00eb siguroj q\u00eb marr\u00ebdh\u00ebnia e dy vendeve n\u00eb kuad\u00ebr t\u00eb tregtis\u00eb do t\u00eb vijoj\u00eb t\u00eb jet\u00eb shum\u00eb e mir\u00eb e do t\u00eb vijojm\u00eb t\u00eb leht\u00ebsojm\u00eb gjith\u00eb procedurat q\u00eb kemi marr\u00eb p\u00ebrsip\u00ebr n\u00eb kuad\u00ebr t\u00eb Open Ballkan\u201d.<\/em><\/p>\n<p>I pranish\u00ebm n\u00eb konferenc\u00eb ishte edhe ministri i Ekonomis\u00eb i Maqedonis\u00eb s\u00eb Veriut, Kreshnik Bekteshi.<\/p>\n","protected":false},"excerpt":{"rendered":"<p>Nga nes\u00ebr, vaji i lulediellit do t\u00eb vij\u00eb n\u00eb Shqip\u00ebri nga Maqedonia e Veriut. Lajmin e b\u00ebri me dije n\u00eb nj\u00eb konferenc\u00eb p\u00ebr mediat ministrja e Financave Delina Ibrahimaj. Kjo marr\u00ebveshje \u00ebsht\u00eb arritur mes dy vendeve theksoi ministrja n\u00eb kuad\u00ebr t\u00eb bashk\u00ebpunimit nga nisma \u201cBallkani i Hapur\u201d. Ministrja e Financave Delina Ibrahimaj: \u201cN\u00eb Meqedonin\u00eb e [&hellip;]<\/p>\n","protected":false},"author":5,"featured_media":33767,"comment_status":"open","ping_status":"open","sticky":false,"template":"","format":"standard","meta":{"footnotes":""},"categories":[6327,6332],"tags":[],"class_list":{"0":"post-46302","1":"post","2":"type-post","3":"status-publish","4":"format-standard","5":"has-post-thumbnail","7":"category-ekonomi","8":"category-te-fundit"},"_links":{"self":[{"href":"https:\/\/jugulajm.net\/index.php?rest_route=\/wp\/v2\/posts\/46302","targetHints":{"allow":["GET"]}}],"collection":[{"href":"https:\/\/jugulajm.net\/index.php?rest_route=\/wp\/v2\/posts"}],"about":[{"href":"https:\/\/jugulajm.net\/index.php?rest_route=\/wp\/v2\/types\/post"}],"author":[{"embeddable":true,"href":"https:\/\/jugulajm.net\/index.php?rest_route=\/wp\/v2\/users\/5"}],"replies":[{"embeddable":true,"href":"https:\/\/jugulajm.net\/index.php?rest_route=%2Fwp%2Fv2%2Fcomments&post=46302"}],"version-history":[{"count":0,"href":"https:\/\/jugulajm.net\/index.php?rest_route=\/wp\/v2\/posts\/46302\/revisions"}],"wp:featuredmedia":[{"embeddable":true,"href":"https:\/\/jugulajm.net\/index.php?rest_route=\/"}],"wp:attachment":[{"href":"https:\/\/jugulajm.net\/index.php?rest_route=%2Fwp%2Fv2%2Fmedia&parent=46302"}],"wp:term":[{"taxonomy":"category","embeddable":true,"href":"https:\/\/jugulajm.net\/index.php?rest_route=%2Fwp%2Fv2%2Fcategories&post=46302"},{"taxonomy":"post_tag","embeddable":true,"href":"https:\/\/jugulajm.net\/index.php?rest_route=%2Fwp%2Fv2%2Ftags&post=46302"}],"curies":[{"name":"wp","href":"https:\/\/api.w.org\/{rel}","templated":true}]}}