{"id":46299,"date":"2022-05-09T12:57:46","date_gmt":"2022-05-09T10:57:46","guid":{"rendered":"https:\/\/jugulajm.net\/?p=46299"},"modified":"2022-05-09T12:57:46","modified_gmt":"2022-05-09T10:57:46","slug":"drafti-i-alibeajt-shehu-thirrje-deputeteve-te-pd-se-perbuzini-te-tilla-kinezerira","status":"publish","type":"post","link":"https:\/\/jugulajm.net\/?p=46299","title":{"rendered":"Drafti i Alibeajt\/ Shehu thirrje deputet\u00ebve t\u00eb PD-s\u00eb: P\u00ebrbuzini t\u00eb tilla \u201ckinez\u00ebrira\u201d"},"content":{"rendered":"<p>Deputeti i PD-se i Qarkut Gjirokaster, Prof. Dr. Tritan Shehu, permes nje postimi ne fb i \u00ebsht\u00eb drejtuar koleg\u00ebve t\u00eb tij p\u00ebr draftin e propozuar nga Enkelejd Alibeaj, qe t&#8217;i p\u00ebrbuzin t\u00eb tilla \u201ckinez\u00ebrira\u201d.<\/p>\n<p>Shehu shprehet se ato \u201ckritere\u201d vlejn\u00eb vet\u00ebm p\u00ebr t\u00eb zgjedhur Drejtuesin e OJQ s\u00eb Ram\u00ebs, asgj\u00eb me shum\u00eb.<\/p>\n<p><strong>Ja postimi i plote i Shehut:<\/strong><\/p>\n<p>Deputet\u00ebve t\u00eb nderuar, q\u00eb mor\u00ebn mbr\u00ebm\u00eb nj\u00eb list\u00eb \u201ckriteresh p\u00ebr zgjedhjen e Presidentit\u201d!<br \/>\nSi nj\u00eb kolegu juaj d\u00ebshiroj t\u2019ju v\u00eb n\u00eb v\u00ebmendje faktin se ajo let\u00ebr \u201ckriteresh\u201d q\u00eb iu \u00ebsht\u00eb d\u00ebrguar, n\u00eb fakt k\u00ebrkon t\u00eb vendos\u00eb n\u00eb dyshim rolin dhe integritetin tuaj politik.<br \/>\nJo thjesht si opozitar\u00eb, por dhe si deputet\u00eb n\u00eb t\u00ebr\u00ebsi, ajo let\u00ebr \u00ebsht\u00eb p\u00ebr ne \u201ckosh\u201d.<br \/>\nAjo \u00ebsht\u00eb nj\u00eb tallje me ju, me parlamentarizmin, politik\u00ebn, institucionin e Presidentit, vet\u00eb demokracin\u00eb t\u00eb bazuar mbi ndarjen e pushteteve e rolin e tyre thelb\u00ebsor.<br \/>\nAto \u201ckritere\u201d vlejn\u00eb vet\u00ebm p\u00ebr t\u00eb zgjedhur Drejtuesin e OJQ s\u00eb Ram\u00ebs, asgj\u00eb me shum\u00eb.<br \/>\nVlejn\u00eb edhe si nj\u00eb \u201cgjethe fiku\u201d pik\u00ebrisht p\u00ebr t\u00eb fshehur n\u00ebp\u00ebrmjet jush k\u00ebt\u00eb t\u00eb v\u00ebrtet\u00eb.<\/p>\n<p>Vlejn\u00eb p\u00ebr t\u2019ju p\u00ebrdorur ju n\u00eb k\u00ebt\u00eb \u201ckrim\u201d politik, p\u00ebr t\u00eb maskuar k\u00ebt\u00eb sharlataniz\u00ebm t\u00eb dhimbsh\u00ebm, por q\u00eb duhet p\u00ebrballuar tashm\u00eb me realiz\u00ebm e vizion politik.<br \/>\nN\u00eb fakt ne si PD e humb\u00ebm mund\u00ebsin\u00eb p\u00ebr t\u00eb influencuar n\u00eb zgjedhjen e Presidentit q\u00eb m\u00eb 26 Prill, t\u00eb nes\u00ebrmen e zgjedhjeve.<br \/>\nJo thjesht p\u00ebr faktin e rezultatit t\u00eb tyre.<br \/>\nPor dhe p\u00ebr faktin e r\u00ebnd\u00eb se mbas atij rezultati nuk u p\u00ebrgatit asnj\u00eb dosje denoncuese p\u00ebr ta paraqitur pran\u00eb partner\u00ebve e institucioneve Europiane, si\u00e7 b\u00ebri Berisha m\u00eb 2001, por u rend mbas pozicioneve personale.<\/p>\n<p>T\u00eb pranosh sot ato \u201ckritere\u201d t\u00eb shkruara nga zyrat e Ram\u00ebs, do t\u00eb thot\u00eb t\u00eb t\u00eb b\u00ebjn\u00eb edhe \u201cbudalla\u201d, \u00ebsht\u00eb si t\u00eb shkosh me k\u00ebmb\u00ebt e tua te \u201ckasapi\u201d, si dele!<br \/>\nDrejt nj\u00eb disfate tjet\u00ebr edhe m\u00eb t\u00eb turpshme politike.<br \/>\nN\u00eb qoft\u00eb se ndonj\u00eb nga ju mendon se Rama respekton \u201cGentlemen agreement\u201d, d\u00ebshiroj t\u2019u kujtoj vet\u00ebm dy procese:<\/p>\n<p>1- Q\u00ebndrimin e tij me 7 ligjet e reform\u00ebs n\u00eb drejt\u00ebsi, mbasi mori n\u00eb \u201cmir\u00ebbesim\u201d ndryshimet Kushtetuese.<\/p>\n<p>2- Ndryshimet shkat\u00ebrruese t\u00eb Kodit Zgjedhor q\u00eb b\u00ebri, mbasi iu \u201cbesua\u201d atij p\u00ebr respektimin e marr\u00ebveshjes s\u00eb asaj tavoline t\u00eb rrumbullak\u00ebt.<\/p>\n<p>Dhe di\u00e7ka e fundit, n\u00eb qoft\u00eb se tellallet e k\u00ebtyre \u201ckritereve\u201d t\u00eb Ram\u00ebs k\u00ebrkojn\u00eb t\u2019ju bindin se mbrapa q\u00ebndrojn\u00eb dhe \u201cgarantues\u201d t\u00eb sigurt, d\u00ebshiroj t\u2019ju kujtoj p\u00ebrs\u00ebri:<\/p>\n<p>\u2013 Ndryshimin 180 grad\u00ebsh t\u00eb \u201cgarantuesve\u201d pik\u00ebrisht midis asaj q\u00eb ata premtonin me buj\u00eb p\u00ebrpara ndryshimeve kushtetuese, si dhe t\u00eb asaj tavoline, me q\u00ebndrimin e tyre m\u00eb tej.<br \/>\nRezultatin ju e dini vet\u00eb, prandaj p\u00ebrbuzini t\u00eb tilla \u201ckinez\u00ebrira\u201d!<\/p>\n","protected":false},"excerpt":{"rendered":"<p>Deputeti i PD-se i Qarkut Gjirokaster, Prof. Dr. Tritan Shehu, permes nje postimi ne fb i \u00ebsht\u00eb drejtuar koleg\u00ebve t\u00eb tij p\u00ebr draftin e propozuar nga Enkelejd Alibeaj, qe t&#8217;i p\u00ebrbuzin t\u00eb tilla \u201ckinez\u00ebrira\u201d. Shehu shprehet se ato \u201ckritere\u201d vlejn\u00eb vet\u00ebm p\u00ebr t\u00eb zgjedhur Drejtuesin e OJQ s\u00eb Ram\u00ebs, asgj\u00eb me shum\u00eb. Ja postimi i [&hellip;]<\/p>\n","protected":false},"author":5,"featured_media":46300,"comment_status":"open","ping_status":"open","sticky":false,"template":"","format":"standard","meta":{"footnotes":""},"categories":[6326,6332],"tags":[],"class_list":{"0":"post-46299","1":"post","2":"type-post","3":"status-publish","4":"format-standard","5":"has-post-thumbnail","7":"category-politike","8":"category-te-fundit"},"_links":{"self":[{"href":"https:\/\/jugulajm.net\/index.php?rest_route=\/wp\/v2\/posts\/46299","targetHints":{"allow":["GET"]}}],"collection":[{"href":"https:\/\/jugulajm.net\/index.php?rest_route=\/wp\/v2\/posts"}],"about":[{"href":"https:\/\/jugulajm.net\/index.php?rest_route=\/wp\/v2\/types\/post"}],"author":[{"embeddable":true,"href":"https:\/\/jugulajm.net\/index.php?rest_route=\/wp\/v2\/users\/5"}],"replies":[{"embeddable":true,"href":"https:\/\/jugulajm.net\/index.php?rest_route=%2Fwp%2Fv2%2Fcomments&post=46299"}],"version-history":[{"count":0,"href":"https:\/\/jugulajm.net\/index.php?rest_route=\/wp\/v2\/posts\/46299\/revisions"}],"wp:featuredmedia":[{"embeddable":true,"href":"https:\/\/jugulajm.net\/index.php?rest_route=\/wp\/v2\/media\/46300"}],"wp:attachment":[{"href":"https:\/\/jugulajm.net\/index.php?rest_route=%2Fwp%2Fv2%2Fmedia&parent=46299"}],"wp:term":[{"taxonomy":"category","embeddable":true,"href":"https:\/\/jugulajm.net\/index.php?rest_route=%2Fwp%2Fv2%2Fcategories&post=46299"},{"taxonomy":"post_tag","embeddable":true,"href":"https:\/\/jugulajm.net\/index.php?rest_route=%2Fwp%2Fv2%2Ftags&post=46299"}],"curies":[{"name":"wp","href":"https:\/\/api.w.org\/{rel}","templated":true}]}}