{"id":46222,"date":"2022-05-07T14:35:36","date_gmt":"2022-05-07T12:35:36","guid":{"rendered":"https:\/\/jugulajm.net\/?p=46222"},"modified":"2022-05-07T14:35:36","modified_gmt":"2022-05-07T12:35:36","slug":"greqi-arrestohet-i-riu-shqiptar-per-vrasje-i-vuri-flaken-shtepise-per-te-humbur-gjurmet","status":"publish","type":"post","link":"https:\/\/jugulajm.net\/?p=46222","title":{"rendered":"Greqi\/ Arrestohet i riu shqiptar p\u00ebr vrasje, i vuri flak\u00ebn sht\u00ebpis\u00eb p\u00ebr t\u00eb humbur gjurm\u00ebt"},"content":{"rendered":"<p>Policia n\u00eb Greqi njofton se ka arrestuar autorin e dyshuar t\u00eb nj\u00eb ngjarje t\u00eb r\u00ebnd\u00eb q\u00eb ndodhi dje.<\/p>\n<p>Shqiptari 27-vje\u00e7ar dyshohet se dit\u00ebn e djeshme i ka v\u00ebn\u00eb zjarrin nj\u00eb kasolle e cila i mori jet\u00ebn nj\u00eb 53-vje\u00e7ari t\u00eb pastreh\u00eb.<\/p>\n<p>Sipas mediave greke, autori i dyshuar i krimit t\u00eb r\u00ebnd\u00eb n\u00eb Chania \u00ebsht\u00eb d\u00ebrguar sot n\u00eb m\u00ebngjes n\u00eb Prokurorin\u00eb e Gjykat\u00ebs Penale t\u00eb Chania me \u00e7\u00ebshtjen n\u00eb ngarkim t\u00eb tij.<\/p>\n<p>Rasti \u00ebsht\u00eb hetuar nga efektiv\u00ebt e N\u00ebndrejtorit t\u00eb Siguris\u00eb n\u00eb Chania dhe ndaj 27-vje\u00e7arit \u00ebsht\u00eb ngritur akuza p\u00ebr \u2018vrasje me mashtrim\u2019 dhe \u2018zjarrv\u00ebnie\u2019. Gjithashtu, ai \u00ebsht\u00eb arrestuar p\u00ebr shkelje t\u00eb \u2018Ligjit p\u00ebr Arm\u00ebt\u2019, pasi n\u00eb kontrollin e sht\u00ebpis\u00eb s\u00eb tij jan\u00eb gjetur thika.<\/p>\n<p>Nga hetimet policore dhe hetimet paraprake rezultoi se i shqiptari ka plagosur p\u00ebr vdekje me shufra hekuri 53-vje\u00e7arin gjat\u00eb nj\u00eb mosmarr\u00ebveshjeje mes tyre p\u00ebr arsye ende t\u00eb panjohura dhe m\u00eb pas, kur ka par\u00eb se goditja ishte fatale p\u00ebr t\u00eb, i vuri zjarrin sht\u00ebpis\u00eb t\u00eb braktisur.<\/p>\n<p>Nd\u00ebrkoh\u00eb n\u00ebna dhe kunata e viktim\u00ebs kan\u00eb shp\u00ebrthyer n\u00eb lot pasi m\u00ebsuan vdekjen tragjike t\u00eb t\u00eb af\u00ebrmit t\u00eb tyre.<\/p>\n<p>\u201cIku Nikos, u dogj. Ai jetoi k\u00ebtu p\u00ebr dy vjet. E ndihmoja me sa mundja. Vinte tek un\u00eb, ulej, hante\u201d, k\u00ebto kan\u00eb qen\u00eb fjal\u00ebt rr\u00ebnqeth\u00ebse t\u00eb n\u00ebn\u00ebs jasht\u00eb sht\u00ebpis\u00eb ku humbi jet\u00ebn djali i saj.<\/p>\n<p>Komandanti i Sh\u00ebrbimeve Zjarrfik\u00ebse t\u00eb Prefektur\u00ebs s\u00eb Chanias, gjeneral brigade Xenophon Tsilimigakis, pohoi se \u201cme t\u00eb mb\u00ebrritur u konstatua se dera kryesore ishte e hapur dhe nd\u00ebrkoh\u00eb q\u00eb zjarri ishte p\u00ebrhapur n\u00eb t\u00eb gjith\u00eb sht\u00ebpin\u00eb, nj\u00eb burr\u00eb i djegur u gjet n\u00eb dysheme af\u00ebr hyrjes\u201d.<\/p>\n","protected":false},"excerpt":{"rendered":"<p>Policia n\u00eb Greqi njofton se ka arrestuar autorin e dyshuar t\u00eb nj\u00eb ngjarje t\u00eb r\u00ebnd\u00eb q\u00eb ndodhi dje. Shqiptari 27-vje\u00e7ar dyshohet se dit\u00ebn e djeshme i ka v\u00ebn\u00eb zjarrin nj\u00eb kasolle e cila i mori jet\u00ebn nj\u00eb 53-vje\u00e7ari t\u00eb pastreh\u00eb. Sipas mediave greke, autori i dyshuar i krimit t\u00eb r\u00ebnd\u00eb n\u00eb Chania \u00ebsht\u00eb d\u00ebrguar sot [&hellip;]<\/p>\n","protected":false},"author":5,"featured_media":46223,"comment_status":"open","ping_status":"open","sticky":false,"template":"","format":"standard","meta":{"footnotes":""},"categories":[1,6332],"tags":[],"class_list":{"0":"post-46222","1":"post","2":"type-post","3":"status-publish","4":"format-standard","5":"has-post-thumbnail","7":"category-aktualitet","8":"category-te-fundit"},"_links":{"self":[{"href":"https:\/\/jugulajm.net\/index.php?rest_route=\/wp\/v2\/posts\/46222","targetHints":{"allow":["GET"]}}],"collection":[{"href":"https:\/\/jugulajm.net\/index.php?rest_route=\/wp\/v2\/posts"}],"about":[{"href":"https:\/\/jugulajm.net\/index.php?rest_route=\/wp\/v2\/types\/post"}],"author":[{"embeddable":true,"href":"https:\/\/jugulajm.net\/index.php?rest_route=\/wp\/v2\/users\/5"}],"replies":[{"embeddable":true,"href":"https:\/\/jugulajm.net\/index.php?rest_route=%2Fwp%2Fv2%2Fcomments&post=46222"}],"version-history":[{"count":0,"href":"https:\/\/jugulajm.net\/index.php?rest_route=\/wp\/v2\/posts\/46222\/revisions"}],"wp:featuredmedia":[{"embeddable":true,"href":"https:\/\/jugulajm.net\/index.php?rest_route=\/wp\/v2\/media\/46223"}],"wp:attachment":[{"href":"https:\/\/jugulajm.net\/index.php?rest_route=%2Fwp%2Fv2%2Fmedia&parent=46222"}],"wp:term":[{"taxonomy":"category","embeddable":true,"href":"https:\/\/jugulajm.net\/index.php?rest_route=%2Fwp%2Fv2%2Fcategories&post=46222"},{"taxonomy":"post_tag","embeddable":true,"href":"https:\/\/jugulajm.net\/index.php?rest_route=%2Fwp%2Fv2%2Ftags&post=46222"}],"curies":[{"name":"wp","href":"https:\/\/api.w.org\/{rel}","templated":true}]}}