{"id":46122,"date":"2022-05-04T10:36:33","date_gmt":"2022-05-04T08:36:33","guid":{"rendered":"https:\/\/jugulajm.net\/?p=46122"},"modified":"2022-05-04T10:41:30","modified_gmt":"2022-05-04T08:41:30","slug":"vasili-tv-shteteror-gjerman-e-vulosi-rama-ka-krijuar-kolumbine-e-europes-foto","status":"publish","type":"post","link":"https:\/\/jugulajm.net\/?p=46122","title":{"rendered":"Vasili: Tv shtet\u00ebror gjerman e &#8216;vulosi&#8217;: Rama ka krijuar Kolumbin\u00eb e Europ\u00ebs\/ FOTO"},"content":{"rendered":"<p>N\u00ebnkryetari i L\u00ebvizjes Socialiste p\u00ebr integrim, Petrit Vasili, ka reaguar n\u00eb lidhje me reportazhin e prestigjiozes gjermane ZDF, mbi kontrollin e drog\u00ebs q\u00eb mafia shqiptare ka n\u00eb Evrop\u00eb.<\/p>\n<p>P\u00ebrmes nj\u00eb postimi n\u00eb fb, Vasili shprehet se media gjermane i ka b\u00ebr\u00eb nj\u00eb skaner pa filtra t\u00eb v\u00ebrtet\u00ebs s\u00eb qeveris\u00eb s\u00eb kryeministrit Rama dhe pushtetit t\u00eb tij mafioz.<\/p>\n<p>Sipas numrit 2 t\u00eb LSI, ZDF \u00e7orri t\u00eb v\u00ebrtet\u00ebn e ekonomis\u00eb s\u00eb Shqip\u00ebris\u00eb, ku 1 e treta e saj vjen nga droga me plot\u00eb 4.5 miliard\u00eb euro.<\/p>\n<p><strong>Ja postimi i plot\u00eb i Vasilit:<\/strong><\/p>\n<div class=\"kvgmc6g5 cxmmr5t8 oygrvhab hcukyx3x c1et5uql ii04i59q\">\n<div dir=\"auto\">Televizioni shteteror gjerman ZDF e vulos:&#8221;Rama ka krijuar Kolumbin\u00eb e Europ\u00ebs,1\/3 e ekonomise eshte droga&#8221;<span class=\"pq6dq46d tbxw36s4 knj5qynh kvgmc6g5 ditlmg2l oygrvhab nvdbi5me sf5mxxl7 gl3lb2sf hhz5lgdu\"><img loading=\"lazy\" loading=\"lazy\" decoding=\"async\" src=\"https:\/\/static.xx.fbcdn.net\/images\/emoji.php\/v9\/t77\/1\/16\/203c.png\" alt=\"\u203c\ufe0f\" width=\"16\" height=\"16\" \/><\/span><\/div>\n<\/div>\n<div class=\"cxmmr5t8 oygrvhab hcukyx3x c1et5uql o9v6fnle ii04i59q\">\n<div dir=\"auto\">Televizioni shteteror gjerman ZDF ka bere nje skaner te pameshirshem te se vertetes se Edi Rames dhe pushtetit te kalbur mafioz te tij.<\/div>\n<\/div>\n<div class=\"cxmmr5t8 oygrvhab hcukyx3x c1et5uql o9v6fnle ii04i59q\">\n<div dir=\"auto\">Shqiperia eshte Kolumbia e Europes dhe nje e treta e ekonomise alla Rama eshte vet\u00eb droga me plot 4.5 miliarde euro<span class=\"pq6dq46d tbxw36s4 knj5qynh kvgmc6g5 ditlmg2l oygrvhab nvdbi5me sf5mxxl7 gl3lb2sf hhz5lgdu\"><img loading=\"lazy\" loading=\"lazy\" decoding=\"async\" src=\"https:\/\/static.xx.fbcdn.net\/images\/emoji.php\/v9\/t50\/1\/16\/2757.png\" alt=\"\u2757\ufe0f\" width=\"16\" height=\"16\" \/><\/span><\/div>\n<\/div>\n<div class=\"cxmmr5t8 oygrvhab hcukyx3x c1et5uql o9v6fnle ii04i59q\">\n<div dir=\"auto\">Ja cfare thote ZDF dhe komentet jane teper:<\/div>\n<\/div>\n<div class=\"cxmmr5t8 oygrvhab hcukyx3x c1et5uql o9v6fnle ii04i59q\">\n<div dir=\"auto\"><span class=\"pq6dq46d tbxw36s4 knj5qynh kvgmc6g5 ditlmg2l oygrvhab nvdbi5me sf5mxxl7 gl3lb2sf hhz5lgdu\"><img loading=\"lazy\" loading=\"lazy\" decoding=\"async\" src=\"https:\/\/static.xx.fbcdn.net\/images\/emoji.php\/v9\/t7f\/1\/16\/1f7e5.png\" alt=\"\ud83d\udfe5\" width=\"16\" height=\"16\" \/><\/span> ZDF \u00e7jerr demagogjine dhe tregon te verteten e ekonomise se Edi Rames dhe thote:<\/div>\n<div dir=\"auto\">&#8220;Kanabisi \u00ebsht\u00eb i ashtuquajturi \u2018ari i Shqip\u00ebris\u00eb\u2019. Korrjet e v\u00ebrteta t\u00eb kanabisit p\u00ebrb\u00ebjn\u00eb nj\u00eb t\u00eb tret\u00ebn e Prodhimit t\u00eb Brendsh\u00ebm Bruto: 4.5 miliard\u00eb euro,\u201d<\/div>\n<\/div>\n<div class=\"cxmmr5t8 oygrvhab hcukyx3x c1et5uql o9v6fnle ii04i59q\">\n<div dir=\"auto\"><span class=\"pq6dq46d tbxw36s4 knj5qynh kvgmc6g5 ditlmg2l oygrvhab nvdbi5me sf5mxxl7 gl3lb2sf hhz5lgdu\"><img loading=\"lazy\" loading=\"lazy\" decoding=\"async\" src=\"https:\/\/static.xx.fbcdn.net\/images\/emoji.php\/v9\/t7f\/1\/16\/1f7e5.png\" alt=\"\ud83d\udfe5\" width=\"16\" height=\"16\" \/><\/span> ZDF ne me menyre asgjesuese pohon:<\/div>\n<div dir=\"auto\">\u201cN\u00eb \u00e7do shtet ka mafie, por n\u00eb Shqip\u00ebri, shteti i p\u00ebrket mafias\u201d.Gazetarja dhe shkrimtarja Christiane Jaenicke thot\u00eb se mafia \u00ebsht\u00eb shum\u00eb e fort\u00eb n\u00eb vend, duke cituar nj\u00eb shprehje t\u00eb Fatos Lubonj\u00ebs:<\/div>\n<\/div>\n<div class=\"cxmmr5t8 oygrvhab hcukyx3x c1et5uql o9v6fnle ii04i59q\">\n<div dir=\"auto\"><span class=\"pq6dq46d tbxw36s4 knj5qynh kvgmc6g5 ditlmg2l oygrvhab nvdbi5me sf5mxxl7 gl3lb2sf hhz5lgdu\"><img loading=\"lazy\" loading=\"lazy\" decoding=\"async\" src=\"https:\/\/static.xx.fbcdn.net\/images\/emoji.php\/v9\/t7f\/1\/16\/1f7e5.png\" alt=\"\ud83d\udfe5\" width=\"16\" height=\"16\" \/><\/span> ZDF i ve vulen kur thote se: &#8220;Mafia shqiptare \u00ebsht\u00eb kudo,\u201d.<\/div>\n<\/div>\n<div class=\"cxmmr5t8 oygrvhab hcukyx3x c1et5uql o9v6fnle ii04i59q\">\n<div dir=\"auto\"><span class=\"pq6dq46d tbxw36s4 knj5qynh kvgmc6g5 ditlmg2l oygrvhab nvdbi5me sf5mxxl7 gl3lb2sf hhz5lgdu\"><img loading=\"lazy\" loading=\"lazy\" decoding=\"async\" src=\"https:\/\/static.xx.fbcdn.net\/images\/emoji.php\/v9\/t7f\/1\/16\/1f7e5.png\" alt=\"\ud83d\udfe5\" width=\"16\" height=\"16\" \/><\/span> ZDF ne menyre asgjesuese tregon se :&#8221;Pronat dhe vilat n\u00eb zonat m\u00eb t\u00eb mira t\u00eb Tiran\u00ebs demonstrojn\u00eb suksesin ekonomik t\u00eb mafioz\u00ebve shqiptar\u00eb,\u201d.<\/div>\n<\/div>\n<div class=\"cxmmr5t8 oygrvhab hcukyx3x c1et5uql o9v6fnle ii04i59q\">\n<div dir=\"auto\"><span class=\"pq6dq46d tbxw36s4 knj5qynh kvgmc6g5 ditlmg2l oygrvhab nvdbi5me sf5mxxl7 gl3lb2sf hhz5lgdu\"><img loading=\"lazy\" loading=\"lazy\" decoding=\"async\" src=\"https:\/\/static.xx.fbcdn.net\/images\/emoji.php\/v9\/t7f\/1\/16\/1f7e5.png\" alt=\"\ud83d\udfe5\" width=\"16\" height=\"16\" \/><\/span> ZDF ve vulen kur thote se :&#8221;N\u00eb Tiran\u00eb, ku pasaporta dhe identiteti blihen leht\u00ebsisht, nj\u00eb pjes\u00eb e politik\u00ebs dhe policis\u00eb jan\u00eb t\u00eb korruptuar nga mafia. Shqip\u00ebria, n\u00ebn qeverisjen e Ram\u00ebs, \u00ebsht\u00eb etiketuar nga mediat si Kolumbia e Europ\u00ebs&#8221;.<\/div>\n<\/div>\n<div class=\"cxmmr5t8 oygrvhab hcukyx3x c1et5uql o9v6fnle ii04i59q\">\n<div dir=\"auto\"><span class=\"pq6dq46d tbxw36s4 knj5qynh kvgmc6g5 ditlmg2l oygrvhab nvdbi5me sf5mxxl7 gl3lb2sf hhz5lgdu\"><img loading=\"lazy\" loading=\"lazy\" decoding=\"async\" src=\"https:\/\/static.xx.fbcdn.net\/images\/emoji.php\/v9\/t7f\/1\/16\/1f7e5.png\" alt=\"\ud83d\udfe5\" width=\"16\" height=\"16\" \/><\/span> ZDF tregon shume qarte se Shqip\u00ebria n\u00ebn Edi Ram\u00ebn njihet si Kolumbia e Europ\u00ebs. Rrjeti gjerman raporton se mafia shqiptare nuk merret vet\u00ebm me trafik droge, por edhe me pastrim parash, trafik arm\u00ebsh, prostitucion, gjob\u00ebv\u00ebnie, etj.<\/div>\n<\/div>\n<div class=\"cxmmr5t8 oygrvhab hcukyx3x c1et5uql o9v6fnle ii04i59q\">\n<div dir=\"auto\"><span class=\"pq6dq46d tbxw36s4 knj5qynh kvgmc6g5 ditlmg2l oygrvhab nvdbi5me sf5mxxl7 gl3lb2sf hhz5lgdu\"><img loading=\"lazy\" loading=\"lazy\" decoding=\"async\" src=\"https:\/\/static.xx.fbcdn.net\/images\/emoji.php\/v9\/t7f\/1\/16\/1f7e5.png\" alt=\"\ud83d\udfe5\" width=\"16\" height=\"16\" \/><\/span> ZDF tregon se :Pasi u rrit\u00ebn si trafikant\u00ebt kryesor\u00eb t\u00eb kanabisit n\u00eb bot\u00eb, klanet mafioze shqiptare tani po hyjn\u00eb n\u00eb biznesin fitimprur\u00ebs t\u00eb kokain\u00ebs n\u00eb Amerik\u00ebn e Jugut- me Gjermanin\u00eb si tregun e synuar prej tyre\u201d, thuhet n\u00eb reportazh<\/div>\n<\/div>\n<div class=\"cxmmr5t8 oygrvhab hcukyx3x c1et5uql o9v6fnle ii04i59q\">\n<div dir=\"auto\"><span class=\"pq6dq46d tbxw36s4 knj5qynh kvgmc6g5 ditlmg2l oygrvhab nvdbi5me sf5mxxl7 gl3lb2sf hhz5lgdu\"><img loading=\"lazy\" loading=\"lazy\" decoding=\"async\" src=\"https:\/\/static.xx.fbcdn.net\/images\/emoji.php\/v9\/t7f\/1\/16\/1f7e5.png\" alt=\"\ud83d\udfe5\" width=\"16\" height=\"16\" \/><\/span> ZDF tregon se n\u00eb fillim shqiptar\u00ebt ishin partner\u00eb t\u00eb mafias italiane n\u00eb trafikun e drog\u00ebs nga Amerika Latine drejt Europ\u00ebs, tani jan\u00eb importues si dor\u00eb e par\u00eb p\u00ebr kokain\u00ebn nga Ekuadori dhe Kolumbia.<\/div>\n<\/div>\n<div class=\"cxmmr5t8 oygrvhab hcukyx3x c1et5uql o9v6fnle ii04i59q\">\n<div dir=\"auto\"><span class=\"pq6dq46d tbxw36s4 knj5qynh kvgmc6g5 ditlmg2l oygrvhab nvdbi5me sf5mxxl7 gl3lb2sf hhz5lgdu\"><img loading=\"lazy\" loading=\"lazy\" decoding=\"async\" src=\"https:\/\/static.xx.fbcdn.net\/images\/emoji.php\/v9\/t7f\/1\/16\/1f7e5.png\" alt=\"\ud83d\udfe5\" width=\"16\" height=\"16\" \/><\/span> ZDF tregon qarte panoram\u00ebn e zymt\u00eb t\u00eb ndikimit t\u00eb drog\u00ebs s\u00eb shqiptar\u00ebve n\u00eb qytetet e m\u00ebdha gjermane si Berlini, Hamburgu dhe Frankfurti.<\/div>\n<\/div>\n<div class=\"cxmmr5t8 oygrvhab hcukyx3x c1et5uql o9v6fnle ii04i59q\">\n<div dir=\"auto\"><span class=\"pq6dq46d tbxw36s4 knj5qynh kvgmc6g5 ditlmg2l oygrvhab nvdbi5me sf5mxxl7 gl3lb2sf hhz5lgdu\"><img loading=\"lazy\" loading=\"lazy\" decoding=\"async\" src=\"https:\/\/static.xx.fbcdn.net\/images\/emoji.php\/v9\/t7f\/1\/16\/1f7e5.png\" alt=\"\ud83d\udfe5\" width=\"16\" height=\"16\" \/><\/span> ZDF thote se mbjellja e kanabisit n\u00eb vend, ka pushtuar edhe malet.<\/div>\n<\/div>\n<div class=\"cxmmr5t8 oygrvhab hcukyx3x c1et5uql o9v6fnle ii04i59q\">\n<div dir=\"auto\"><span class=\"pq6dq46d tbxw36s4 knj5qynh kvgmc6g5 ditlmg2l oygrvhab nvdbi5me sf5mxxl7 gl3lb2sf hhz5lgdu\"><img loading=\"lazy\" loading=\"lazy\" decoding=\"async\" src=\"https:\/\/static.xx.fbcdn.net\/images\/emoji.php\/v9\/t7f\/1\/16\/1f7e5.png\" alt=\"\ud83d\udfe5\" width=\"16\" height=\"16\" \/><\/span> ZDF thote se pavarsisht sr Gjermania po bashk\u00ebpunon me autoritetet shqiptare ka pak besim brenda policis\u00eb shqiptare. &#8220;Cil\u00ebt informacione jan\u00eb t\u00eb sigurta pyet gazetari i ZDF&#8221;.<\/div>\n<\/div>\n<div class=\"cxmmr5t8 oygrvhab hcukyx3x c1et5uql o9v6fnle ii04i59q\">\n<div dir=\"auto\"><span class=\"pq6dq46d tbxw36s4 knj5qynh kvgmc6g5 ditlmg2l oygrvhab nvdbi5me sf5mxxl7 gl3lb2sf hhz5lgdu\"><img loading=\"lazy\" loading=\"lazy\" decoding=\"async\" src=\"https:\/\/static.xx.fbcdn.net\/images\/emoji.php\/v9\/t7f\/1\/16\/1f7e5.png\" alt=\"\ud83d\udfe5\" width=\"16\" height=\"16\" \/><\/span> ZDF thote se: \u201cKriminel\u00ebt p\u00ebrfitojn\u00eb nga varf\u00ebria n\u00eb vend dhe nga nj\u00eb shtet, q\u00eb u ofron pak qytetar\u00ebve n\u00eb krahasim me klanet mafioze\u201d.<\/div>\n<\/div>\n<div class=\"cxmmr5t8 oygrvhab hcukyx3x c1et5uql o9v6fnle ii04i59q\">\n<div dir=\"auto\"><span class=\"pq6dq46d tbxw36s4 knj5qynh kvgmc6g5 ditlmg2l oygrvhab nvdbi5me sf5mxxl7 gl3lb2sf hhz5lgdu\"><img loading=\"lazy\" loading=\"lazy\" decoding=\"async\" src=\"https:\/\/static.xx.fbcdn.net\/images\/emoji.php\/v9\/t7f\/1\/16\/1f7e5.png\" alt=\"\ud83d\udfe5\" width=\"16\" height=\"16\" \/><\/span> ZDF thote qarte se \u201cShteti \u00ebsht\u00eb shum\u00eb i dob\u00ebt dhe u ofron ndonj\u00eb perspektiv\u00eb qytetar\u00ebve. Dy t\u00eb tretat e t\u00eb rinjve duan t\u00eb largohen nga vendi. Ata e shohin t\u00eb ardhmen jasht\u00eb vendit,\u201d.<img decoding=\"async\" src=\"https:\/\/www.syri.net\/uploads\/syri.net\/images\/2022\/May\/04\/auto_279919857_549876249829970_6610511828299242800_n1651651753.jpg\" \/><img decoding=\"async\" src=\"https:\/\/www.syri.net\/uploads\/syri.net\/images\/2022\/May\/04\/auto_279513813_549876106496651_7940619959575091418_n1651651754.jpg\" \/><img decoding=\"async\" src=\"https:\/\/www.syri.net\/uploads\/syri.net\/images\/2022\/May\/04\/auto_279617243_549876039829991_4155073258523378511_n1651651754.jpg\" \/><img decoding=\"async\" src=\"https:\/\/www.syri.net\/uploads\/syri.net\/images\/2022\/May\/04\/auto_279698779_549876166496645_3988441376153516782_n1651651753.jpg\" \/><img decoding=\"async\" src=\"https:\/\/www.syri.net\/uploads\/syri.net\/images\/2022\/May\/04\/auto_279739269_549876436496618_5579779588719588552_n1651651752.jpg\" \/><img decoding=\"async\" src=\"https:\/\/www.syri.net\/uploads\/syri.net\/images\/2022\/May\/04\/auto_279711114_549876476496614_8080963090875643186_n1651651752.jpg\" \/><\/div>\n<\/div>\n","protected":false},"excerpt":{"rendered":"<p>N\u00ebnkryetari i L\u00ebvizjes Socialiste p\u00ebr integrim, Petrit Vasili, ka reaguar n\u00eb lidhje me reportazhin e prestigjiozes gjermane ZDF, mbi kontrollin e drog\u00ebs q\u00eb mafia shqiptare ka n\u00eb Evrop\u00eb. P\u00ebrmes nj\u00eb postimi n\u00eb fb, Vasili shprehet se media gjermane i ka b\u00ebr\u00eb nj\u00eb skaner pa filtra t\u00eb v\u00ebrtet\u00ebs s\u00eb qeveris\u00eb s\u00eb kryeministrit Rama dhe pushtetit t\u00eb [&hellip;]<\/p>\n","protected":false},"author":5,"featured_media":46123,"comment_status":"open","ping_status":"open","sticky":false,"template":"","format":"standard","meta":{"footnotes":""},"categories":[1,6326,6332],"tags":[],"class_list":{"0":"post-46122","1":"post","2":"type-post","3":"status-publish","4":"format-standard","5":"has-post-thumbnail","7":"category-aktualitet","8":"category-politike","9":"category-te-fundit"},"_links":{"self":[{"href":"https:\/\/jugulajm.net\/index.php?rest_route=\/wp\/v2\/posts\/46122","targetHints":{"allow":["GET"]}}],"collection":[{"href":"https:\/\/jugulajm.net\/index.php?rest_route=\/wp\/v2\/posts"}],"about":[{"href":"https:\/\/jugulajm.net\/index.php?rest_route=\/wp\/v2\/types\/post"}],"author":[{"embeddable":true,"href":"https:\/\/jugulajm.net\/index.php?rest_route=\/wp\/v2\/users\/5"}],"replies":[{"embeddable":true,"href":"https:\/\/jugulajm.net\/index.php?rest_route=%2Fwp%2Fv2%2Fcomments&post=46122"}],"version-history":[{"count":0,"href":"https:\/\/jugulajm.net\/index.php?rest_route=\/wp\/v2\/posts\/46122\/revisions"}],"wp:featuredmedia":[{"embeddable":true,"href":"https:\/\/jugulajm.net\/index.php?rest_route=\/wp\/v2\/media\/46123"}],"wp:attachment":[{"href":"https:\/\/jugulajm.net\/index.php?rest_route=%2Fwp%2Fv2%2Fmedia&parent=46122"}],"wp:term":[{"taxonomy":"category","embeddable":true,"href":"https:\/\/jugulajm.net\/index.php?rest_route=%2Fwp%2Fv2%2Fcategories&post=46122"},{"taxonomy":"post_tag","embeddable":true,"href":"https:\/\/jugulajm.net\/index.php?rest_route=%2Fwp%2Fv2%2Ftags&post=46122"}],"curies":[{"name":"wp","href":"https:\/\/api.w.org\/{rel}","templated":true}]}}