{"id":46052,"date":"2022-05-02T15:23:31","date_gmt":"2022-05-02T13:23:31","guid":{"rendered":"https:\/\/jugulajm.net\/?p=46052"},"modified":"2022-05-02T15:26:26","modified_gmt":"2022-05-02T13:26:26","slug":"shehu-uron-besimtaret-myslimane-per-festen-e-fiter-bajramit","status":"publish","type":"post","link":"https:\/\/jugulajm.net\/?p=46052","title":{"rendered":"Shehu uron besimtar\u00ebt mysliman\u00eb t\u00eb Qarkut Gjirokast\u00ebr p\u00ebr fest\u00ebn e Fiter Bajramit"},"content":{"rendered":"<p>Deputeti demokrat i Qarkut Gjirokaster Prof. Dr. Tritan Shehu, permes nje postimi ne fb ka uruar te gjithe besimtaret myslimane te Qarkut Gjirokaster, me rastin e festes se Fiter Bajramit.<\/p>\n<p>Nder te tjera Shehu shkruan: &#8221;Te shpresojme ne keto periudha te veshtira e plot rreziqe, per dite te \u201creja\u201d paqejeje e zhvillimi.&#8221;<\/p>\n<p><strong>Ja postimi-urues i Shehut:<\/strong><\/p>\n<div>\n<div class=\"\" dir=\"auto\">\n<div id=\"jsc_c_7q\" class=\"ecm0bbzt hv4rvrfc ihqw7lf3 dati1w0a\" data-ad-comet-preview=\"message\" data-ad-preview=\"message\">\n<div class=\"j83agx80 cbu4d94t ew0dbk1b irj2b8pg\">\n<div class=\"qzhwtbm6 knvmm38d\">\n<div class=\"kvgmc6g5 cxmmr5t8 oygrvhab hcukyx3x c1et5uql ii04i59q\">\n<p>Te dashur miq!<\/p>\n<p>Ju uroj te gjitheve ju, te besimit Mysliman apo jo, gezuar Fiter Bajramin.<\/p>\n<p>Nje urim i vecante per Komunitetet Bektashi e Mysliman te Qarkut te Gjirokastres, per te gjithe banoret e asaj treve mencurie e aresye.<\/p>\n<div dir=\"auto\">Te shpresojme ne keto periudha te veshtira e plot rreziqe, per dite te \u201creja\u201d paqejeje e zhvillimi.<\/div>\n<\/div>\n<\/div>\n<\/div>\n<\/div>\n<\/div>\n<div id=\"jsc_c_7r\" class=\"l9j0dhe7\">\n<div class=\"l9j0dhe7\">\n<div>\n<div class=\"bp9cbjyn cwj9ozl2 j83agx80 cbu4d94t ni8dbmo4 stjgntxs l9j0dhe7 k4urcfbm\">\n<div>\n<div class=\"do00u71z ni8dbmo4 stjgntxs l9j0dhe7\">\n<div class=\"pmk7jnqg kr520xx4\"><\/div>\n<\/div>\n<\/div>\n<\/div>\n<\/div>\n<\/div>\n<\/div>\n<\/div>\n<div>\n<div class=\"stjgntxs ni8dbmo4 l82x9zwi uo3d90p7 h905i5nu monazrh9\" data-visualcompletion=\"ignore-dynamic\">\n<div>\n<div class=\"cwj9ozl2 tvmbv18p\"><\/div>\n<\/div>\n<\/div>\n<\/div>\n","protected":false},"excerpt":{"rendered":"<p>Deputeti demokrat i Qarkut Gjirokaster Prof. Dr. Tritan Shehu, permes nje postimi ne fb ka uruar te gjithe besimtaret myslimane te Qarkut Gjirokaster, me rastin e festes se Fiter Bajramit. Nder te tjera Shehu shkruan: &#8221;Te shpresojme ne keto periudha te veshtira e plot rreziqe, per dite te \u201creja\u201d paqejeje e zhvillimi.&#8221; Ja postimi-urues i [&hellip;]<\/p>\n","protected":false},"author":5,"featured_media":23147,"comment_status":"open","ping_status":"open","sticky":false,"template":"","format":"standard","meta":{"footnotes":""},"categories":[6326,6332],"tags":[],"class_list":{"0":"post-46052","1":"post","2":"type-post","3":"status-publish","4":"format-standard","5":"has-post-thumbnail","7":"category-politike","8":"category-te-fundit"},"_links":{"self":[{"href":"https:\/\/jugulajm.net\/index.php?rest_route=\/wp\/v2\/posts\/46052","targetHints":{"allow":["GET"]}}],"collection":[{"href":"https:\/\/jugulajm.net\/index.php?rest_route=\/wp\/v2\/posts"}],"about":[{"href":"https:\/\/jugulajm.net\/index.php?rest_route=\/wp\/v2\/types\/post"}],"author":[{"embeddable":true,"href":"https:\/\/jugulajm.net\/index.php?rest_route=\/wp\/v2\/users\/5"}],"replies":[{"embeddable":true,"href":"https:\/\/jugulajm.net\/index.php?rest_route=%2Fwp%2Fv2%2Fcomments&post=46052"}],"version-history":[{"count":0,"href":"https:\/\/jugulajm.net\/index.php?rest_route=\/wp\/v2\/posts\/46052\/revisions"}],"wp:featuredmedia":[{"embeddable":true,"href":"https:\/\/jugulajm.net\/index.php?rest_route=\/"}],"wp:attachment":[{"href":"https:\/\/jugulajm.net\/index.php?rest_route=%2Fwp%2Fv2%2Fmedia&parent=46052"}],"wp:term":[{"taxonomy":"category","embeddable":true,"href":"https:\/\/jugulajm.net\/index.php?rest_route=%2Fwp%2Fv2%2Fcategories&post=46052"},{"taxonomy":"post_tag","embeddable":true,"href":"https:\/\/jugulajm.net\/index.php?rest_route=%2Fwp%2Fv2%2Ftags&post=46052"}],"curies":[{"name":"wp","href":"https:\/\/api.w.org\/{rel}","templated":true}]}}