{"id":46032,"date":"2022-05-01T20:06:33","date_gmt":"2022-05-01T18:06:33","guid":{"rendered":"https:\/\/jugulajm.net\/?p=46032"},"modified":"2022-05-01T20:10:02","modified_gmt":"2022-05-01T18:10:02","slug":"foto-eurovisioni-fshin-fotot-skandaloze-te-ronela-hajatit","status":"publish","type":"post","link":"https:\/\/jugulajm.net\/?p=46032","title":{"rendered":"FOTO\/ Eurovisioni fshin fotot skandaloze te Ronela Hajatit"},"content":{"rendered":"<p>Faqja zyrtare e Eurovision-it ka fshir\u00eb nga rrjetet sociale fotot nga prova e performanc\u00ebs s\u00eb k\u00ebng\u00ebtares shqiptare Ronela Hajati.<\/p>\n<p>Kjo ndodhi pasi zyrtar\u00ebt e kompeticionit t\u00eb k\u00ebng\u00ebs cil\u00ebsuan foton e Ronel\u00ebs dhe grupit t\u00eb saj provokues.<\/p>\n<p>Si\u00e7 shihet edhe m\u00eb posht\u00eb, n\u00eb foton e pare \u00ebsht\u00eb Ronela bashk\u00eb me balerin\u00ebt, t\u00eb cil\u00ebt provokojn\u00eb me vendosjen e dor\u00ebs n\u00eb pjes\u00ebn intime.<\/p>\n<p>Ndersa ne foton tjeter balerina qe i eshte &#8221;zhytur&#8221; me koke pjeses intime te Roneles.<\/p>\n<p>Kujtojm\u00eb q\u00eb Ronela do t\u00eb p\u00ebrformoj\u00eb k\u00ebng\u00ebn \u201cSekret\u201d nat\u00ebn e par\u00eb m\u00eb 10 maj.<\/p>\n<p><img decoding=\"async\" src=\"https:\/\/scontent.ftia14-1.fna.fbcdn.net\/v\/t1.15752-9\/279369028_494878362329643_8690709971093167529_n.jpg?_nc_cat=110&amp;ccb=1-5&amp;_nc_sid=ae9488&amp;_nc_ohc=Ctj3HD6zxbkAX_BWQim&amp;_nc_oc=AQkVxE9_K04BQYDdM1B5TQz38oPUN_5xVZxsTO-MqHfAkHPj9K1g86wK61x1SglMe4s&amp;_nc_ht=scontent.ftia14-1.fna&amp;oh=03_AVLtRd54ii3vW_2uSbyeIavJZ469hMdGYLqDcON6AUFFYA&amp;oe=6295A3EA\" alt=\"Nuk ka asnj\u00eb p\u00ebrshkrim t\u00eb disponuesh\u00ebm\" \/><img decoding=\"async\" src=\"https:\/\/scontent.ftia14-1.fna.fbcdn.net\/v\/t1.15752-9\/279387775_1472978359825603_1751359579391384230_n.jpg?_nc_cat=111&amp;ccb=1-5&amp;_nc_sid=ae9488&amp;_nc_ohc=SP_ADIqQBccAX8LQKXT&amp;_nc_ht=scontent.ftia14-1.fna&amp;oh=03_AVJz69VUDMKM9hyf33EsqtwXdmEbmIZFWcXNpgthoDfwLQ&amp;oe=6295B7DE\" alt=\"Nuk ka asnj\u00eb p\u00ebrshkrim t\u00eb disponuesh\u00ebm\" \/><\/p>\n","protected":false},"excerpt":{"rendered":"<p>Faqja zyrtare e Eurovision-it ka fshir\u00eb nga rrjetet sociale fotot nga prova e performanc\u00ebs s\u00eb k\u00ebng\u00ebtares shqiptare Ronela Hajati. Kjo ndodhi pasi zyrtar\u00ebt e kompeticionit t\u00eb k\u00ebng\u00ebs cil\u00ebsuan foton e Ronel\u00ebs dhe grupit t\u00eb saj provokues. Si\u00e7 shihet edhe m\u00eb posht\u00eb, n\u00eb foton e pare \u00ebsht\u00eb Ronela bashk\u00eb me balerin\u00ebt, t\u00eb cil\u00ebt provokojn\u00eb me vendosjen [&hellip;]<\/p>\n","protected":false},"author":5,"featured_media":46033,"comment_status":"open","ping_status":"open","sticky":false,"template":"","format":"standard","meta":{"footnotes":""},"categories":[7665,6332],"tags":[],"class_list":{"0":"post-46032","1":"post","2":"type-post","3":"status-publish","4":"format-standard","5":"has-post-thumbnail","7":"category-art","8":"category-te-fundit"},"_links":{"self":[{"href":"https:\/\/jugulajm.net\/index.php?rest_route=\/wp\/v2\/posts\/46032","targetHints":{"allow":["GET"]}}],"collection":[{"href":"https:\/\/jugulajm.net\/index.php?rest_route=\/wp\/v2\/posts"}],"about":[{"href":"https:\/\/jugulajm.net\/index.php?rest_route=\/wp\/v2\/types\/post"}],"author":[{"embeddable":true,"href":"https:\/\/jugulajm.net\/index.php?rest_route=\/wp\/v2\/users\/5"}],"replies":[{"embeddable":true,"href":"https:\/\/jugulajm.net\/index.php?rest_route=%2Fwp%2Fv2%2Fcomments&post=46032"}],"version-history":[{"count":0,"href":"https:\/\/jugulajm.net\/index.php?rest_route=\/wp\/v2\/posts\/46032\/revisions"}],"wp:featuredmedia":[{"embeddable":true,"href":"https:\/\/jugulajm.net\/index.php?rest_route=\/wp\/v2\/media\/46033"}],"wp:attachment":[{"href":"https:\/\/jugulajm.net\/index.php?rest_route=%2Fwp%2Fv2%2Fmedia&parent=46032"}],"wp:term":[{"taxonomy":"category","embeddable":true,"href":"https:\/\/jugulajm.net\/index.php?rest_route=%2Fwp%2Fv2%2Fcategories&post=46032"},{"taxonomy":"post_tag","embeddable":true,"href":"https:\/\/jugulajm.net\/index.php?rest_route=%2Fwp%2Fv2%2Ftags&post=46032"}],"curies":[{"name":"wp","href":"https:\/\/api.w.org\/{rel}","templated":true}]}}