{"id":45961,"date":"2022-04-29T16:29:52","date_gmt":"2022-04-29T14:29:52","guid":{"rendered":"https:\/\/jugulajm.net\/?p=45961"},"modified":"2022-04-29T16:29:52","modified_gmt":"2022-04-29T14:29:52","slug":"shehu-nxjerr-bllof-ramen-shba-nuk-tha-asgje-per-open-balkan","status":"publish","type":"post","link":"https:\/\/jugulajm.net\/?p=45961","title":{"rendered":"Shehu nxjerr bllof Ram\u00ebn: SHBA nuk tha asgj\u00eb p\u00ebr &#8220;Open Balkan&#8221;"},"content":{"rendered":"<p>Deputeti demokrat i Qarkut Gjirokaster dhe ish-ministri i jashtem Prof. Dr. Tritan Shehu, ka p\u00ebrg\u00ebnjeshtruar kryeministrin Edi Rama, i cili tha se SHBA mb\u00ebshtet fuqimisht nism\u00ebn &#8220;Ballkani i Hapur&#8221;.<\/p>\n<p>Ne nje reagim ne fb, Shehu shprehet se teksa lexonte komunikimin zyrtar t\u00eb Ambasad\u00ebs Amerikane, nuk ka par\u00eb asnj\u00eb fjal\u00eb p\u00ebr &#8220;Ballkanin e Hapur&#8221;.<\/p>\n<p><strong>Ja reagimi i plote i Shehut:<\/strong><\/p>\n<p>P\u00ebrg\u00ebnjeshtrohet Rama p\u00ebr \u201cBallkanin e Hapur\u201d?<\/p>\n<p>Kryeministri mbas takimit me delegacionin e DASH deklaroi se SHBA p\u00ebrkrah fuqimisht projektin e \u201cBallkanit t\u00eb hapur\u201d, duke e vendosur k\u00ebshtu at\u00eb \u00e7\u00ebshtje n\u00eb qend\u00ebr t\u00eb v\u00ebmendjes n\u00eb prononcimin e tij!<\/p>\n<p>Tashti po lexoja komunikimin zyrtar t\u00eb Ambasad\u00ebs Amerikane p\u00ebr at\u00eb takim.<\/p>\n<p>Asnj\u00eb fjal\u00eb p\u00ebr \u201cBallkanin e Hapur\u201d.<\/p>\n<p>Nd\u00ebrsa aty flitet p\u00ebr \u00e7\u00ebshtje t\u00eb tjera prioritare n\u00eb marr\u00ebdh\u00ebniet bi e multi laterale Shqip\u00ebri-SHBA.<\/p>\n<p>Flitet m\u00eb shum\u00eb t\u00eb drejt\u00eb p\u00ebr integrimin, Rajonin\u2026edhe p\u00ebr energjin\u00eb, por jo p\u00ebr at\u00eb nism\u00eb t\u00eb Vu\u00e7i\u00e7it.<\/p>\n<p>A \u00ebsht\u00eb ky nj\u00eb p\u00ebrg\u00ebnjeshtrim p\u00ebr sa tha Kryeministri n\u00eb em\u00ebr t\u00eb delegacionit t\u00eb lart\u00eb amerikan, nj\u00eb dit\u00eb m\u00eb par\u00eb?<\/p>\n","protected":false},"excerpt":{"rendered":"<p>Deputeti demokrat i Qarkut Gjirokaster dhe ish-ministri i jashtem Prof. Dr. Tritan Shehu, ka p\u00ebrg\u00ebnjeshtruar kryeministrin Edi Rama, i cili tha se SHBA mb\u00ebshtet fuqimisht nism\u00ebn &#8220;Ballkani i Hapur&#8221;. Ne nje reagim ne fb, Shehu shprehet se teksa lexonte komunikimin zyrtar t\u00eb Ambasad\u00ebs Amerikane, nuk ka par\u00eb asnj\u00eb fjal\u00eb p\u00ebr &#8220;Ballkanin e Hapur&#8221;. Ja reagimi [&hellip;]<\/p>\n","protected":false},"author":5,"featured_media":42732,"comment_status":"open","ping_status":"open","sticky":false,"template":"","format":"standard","meta":{"footnotes":""},"categories":[6326,6332],"tags":[],"class_list":{"0":"post-45961","1":"post","2":"type-post","3":"status-publish","4":"format-standard","5":"has-post-thumbnail","7":"category-politike","8":"category-te-fundit"},"_links":{"self":[{"href":"https:\/\/jugulajm.net\/index.php?rest_route=\/wp\/v2\/posts\/45961","targetHints":{"allow":["GET"]}}],"collection":[{"href":"https:\/\/jugulajm.net\/index.php?rest_route=\/wp\/v2\/posts"}],"about":[{"href":"https:\/\/jugulajm.net\/index.php?rest_route=\/wp\/v2\/types\/post"}],"author":[{"embeddable":true,"href":"https:\/\/jugulajm.net\/index.php?rest_route=\/wp\/v2\/users\/5"}],"replies":[{"embeddable":true,"href":"https:\/\/jugulajm.net\/index.php?rest_route=%2Fwp%2Fv2%2Fcomments&post=45961"}],"version-history":[{"count":0,"href":"https:\/\/jugulajm.net\/index.php?rest_route=\/wp\/v2\/posts\/45961\/revisions"}],"wp:featuredmedia":[{"embeddable":true,"href":"https:\/\/jugulajm.net\/index.php?rest_route=\/wp\/v2\/media\/42732"}],"wp:attachment":[{"href":"https:\/\/jugulajm.net\/index.php?rest_route=%2Fwp%2Fv2%2Fmedia&parent=45961"}],"wp:term":[{"taxonomy":"category","embeddable":true,"href":"https:\/\/jugulajm.net\/index.php?rest_route=%2Fwp%2Fv2%2Fcategories&post=45961"},{"taxonomy":"post_tag","embeddable":true,"href":"https:\/\/jugulajm.net\/index.php?rest_route=%2Fwp%2Fv2%2Ftags&post=45961"}],"curies":[{"name":"wp","href":"https:\/\/api.w.org\/{rel}","templated":true}]}}