{"id":45929,"date":"2022-04-28T18:29:10","date_gmt":"2022-04-28T16:29:10","guid":{"rendered":"https:\/\/jugulajm.net\/?p=45929"},"modified":"2022-04-28T18:31:11","modified_gmt":"2022-04-28T16:31:11","slug":"video-rama-ofendon-opoziten-ne-parlament-reagon-shehu-provokimi-me-i-rende-te-merren-masa-ndeshkimore-ndaj-rames","status":"publish","type":"post","link":"https:\/\/jugulajm.net\/?p=45929","title":{"rendered":"VIDEO\/ Rama ofendon opozit\u00ebn n\u00eb parlament, reagon Shehu: Provokimi i r\u00ebnd\u00eb, t\u00eb merren masa nd\u00ebshkimore ndaj Ram\u00ebs"},"content":{"rendered":"<div>\n<div class=\"du4w35lb k4urcfbm l9j0dhe7 sjgh65i0\">\n<div class=\"du4w35lb l9j0dhe7\">\n<div class=\"\">\n<div class=\"\">\n<div class=\"lzcic4wl\" role=\"article\" aria-posinset=\"1\" aria-describedby=\"jsc_c_3n1 jsc_c_3n2 jsc_c_3n3 jsc_c_3n5 jsc_c_3n4\" aria-labelledby=\"jsc_c_3n0\">\n<div class=\"j83agx80 cbu4d94t\">\n<div class=\"rq0escxv l9j0dhe7 du4w35lb\">\n<div class=\"j83agx80 l9j0dhe7 k4urcfbm\">\n<div class=\"rq0escxv l9j0dhe7 du4w35lb hybvsw6c io0zqebd m5lcvass fbipl8qg nwvqtn77 k4urcfbm ni8dbmo4 stjgntxs sbcfpzgs\">\n<div>\n<div>\n<div>\n<div>\n<div class=\"\" dir=\"auto\">\n<div id=\"jsc_c_3n2\" class=\"ecm0bbzt hv4rvrfc ihqw7lf3 dati1w0a\" data-ad-comet-preview=\"message\" data-ad-preview=\"message\">\n<div class=\"j83agx80 cbu4d94t ew0dbk1b irj2b8pg\">\n<div class=\"qzhwtbm6 knvmm38d\">\n<div class=\"kvgmc6g5 cxmmr5t8 oygrvhab hcukyx3x c1et5uql ii04i59q\">\n<div dir=\"auto\">\n<p>Deputeti i PD i Qarkut Gjirokaster, prof. Dr. Tritan Shehu, ka k\u00ebrkuar nga kryetarja e Kuvendit Lindita Nikolla q\u00eb t\u00eb nd\u00ebrpritet seanca plenare dhe t\u00eb mblidhet konferenca e kryetar\u00ebve, p\u00ebr t\u00eb marr\u00eb mas\u00eb nd\u00ebshkimore ndaj kryeministrit Edi Rama, pas ofendimeve q\u00eb sipas tij ky i fundit adresoi ndaj opozit\u00ebs.<\/p>\n<p>\u201cQ\u00eb n\u00eb nj\u00eb parlament t\u00eb ket\u00eb mendime t\u00eb ndryshme, debate dhe t\u00eb forta, \u00ebsht\u00eb normale, q\u00eb opozita t\u00eb ngrej\u00eb z\u00ebrin m\u00eb tep\u00ebr dhe kjo ndodh, por q\u00eb t\u00eb isnultohet n\u00eb k\u00ebt\u00eb m\u00ebnyr\u00eb opozita nga kryeministri \u00ebsht\u00eb e pandodhshme dhe e papranueshme gj\u00ebkundi, t\u00eb kalohen normat etike t\u00eb dialogut dhe debatit dhe procedura nuk e lejon dhe ju takon juve t\u00eb nd\u00ebrprisni fjal\u00ebn, kur kalon caqet kaq t\u00eb r\u00ebnda etike.<\/p>\n<p>Q\u00ebpar\u00eb k\u00ebrkuat t\u2019i nd\u00ebrprisni fjal\u00ebn Zhup\u00ebs se doli nga rendi i dit\u00ebs, nd\u00ebrsa kur quhemi kope, budallenj e hajvan\u00eb, nuk ka dal\u00eb nga rendi dit\u00ebs. \u00c7\u2019\u00ebsht\u00eb kjo?!<\/p>\n<\/div>\n<\/div>\n<\/div>\n<\/div>\n<\/div>\n<\/div>\n<div id=\"jsc_c_3n3\" class=\"l9j0dhe7\">\n<div class=\"l9j0dhe7\">\n<div>\n<div class=\"l9j0dhe7 stjgntxs ni8dbmo4 cbu4d94t j83agx80\">\n<div class=\"l9j0dhe7 stjgntxs ni8dbmo4\">\n<div class=\"l9j0dhe7\">\n<div class=\"bp9cbjyn cwj9ozl2 j83agx80 cbu4d94t ni8dbmo4 stjgntxs l9j0dhe7 k4urcfbm\">\n<div>\n<div class=\"do00u71z ni8dbmo4 stjgntxs l9j0dhe7\">\u00cbsht\u00eb provokacioni m\u00eb i r\u00ebnd\u00eb q\u00eb i b\u00ebhet opozit\u00ebs, ndaj k\u00ebrkoj t\u00eb nd\u00ebrprisni seanc\u00ebs dhe t\u00eb k\u00ebrkoni konferenc\u00ebn e kryetar\u00ebve dhe t\u00eb merrni mas\u00eb nd\u00ebshkimore p\u00ebr kryeministrin, e keni n\u00eb rregullore, \u00ebsht\u00eb e drejta juaj, un\u00eb b\u00ebj k\u00ebrkes\u00ebn time dhe i k\u00ebrkoj dhe kryetar\u00ebve t\u00eb grupeve parlamentare q\u00eb t\u00eb k\u00ebrkojn\u00eb nd\u00ebrprerjen e seanc\u00ebs dhe t\u00eb merren masa ndaj Ram\u00ebs p\u00ebr ofendime kaq t\u00eb m\u00ebdha q\u00eb na b\u00ebri t\u00eb gjith\u00ebve, un\u00eb nuk ofendoj kurr\u00eb por as nuk pranoj t\u00eb ofendohem\u201d, deklaroi Shehu.<\/div>\n<\/div>\n<\/div>\n<\/div>\n<\/div>\n<\/div>\n<\/div>\n<\/div>\n<\/div>\n<\/div>\n<\/div>\n<\/div>\n<\/div>\n<\/div>\n<\/div>\n<\/div>\n<\/div>\n<\/div>\n<\/div>\n<\/div>\n<\/div>\n<\/div>\n<\/div>\n<div>\n<div class=\"du4w35lb k4urcfbm l9j0dhe7 sjgh65i0\">\n<div class=\"du4w35lb l9j0dhe7\">\n<div class=\"\">\n<div class=\"\">\n<div class=\"lzcic4wl\" role=\"article\" aria-posinset=\"2\" aria-describedby=\"jsc_c_3o1 jsc_c_3o2 jsc_c_3o3 jsc_c_3o5 jsc_c_3o4\" aria-labelledby=\"jsc_c_3o0\">\n<div class=\"j83agx80 cbu4d94t\">\n<div class=\"rq0escxv l9j0dhe7 du4w35lb\">\n<div class=\"j83agx80 l9j0dhe7 k4urcfbm\">\n<div class=\"rq0escxv l9j0dhe7 du4w35lb hybvsw6c io0zqebd m5lcvass fbipl8qg nwvqtn77 k4urcfbm ni8dbmo4 stjgntxs sbcfpzgs\">\n<div>\n<div>\n<div class=\"ll8tlv6m j83agx80 btwxx1t3 n851cfcs hv4rvrfc dati1w0a pybr56ya\">\n<div class=\"oi9244e8 do00u71z j83agx80\">\n<div class=\"q676j6op qypqp5cg\"><\/div>\n<\/div>\n<\/div>\n<\/div>\n<\/div>\n<\/div>\n<\/div>\n<\/div>\n<\/div>\n<\/div>\n<\/div>\n<\/div>\n<\/div>\n<\/div>\n<\/div>\n","protected":false},"excerpt":{"rendered":"<p>Deputeti i PD i Qarkut Gjirokaster, prof. Dr. Tritan Shehu, ka k\u00ebrkuar nga kryetarja e Kuvendit Lindita Nikolla q\u00eb t\u00eb nd\u00ebrpritet seanca plenare dhe t\u00eb mblidhet konferenca e kryetar\u00ebve, p\u00ebr t\u00eb marr\u00eb mas\u00eb nd\u00ebshkimore ndaj kryeministrit Edi Rama, pas ofendimeve q\u00eb sipas tij ky i fundit adresoi ndaj opozit\u00ebs. \u201cQ\u00eb n\u00eb nj\u00eb parlament t\u00eb ket\u00eb [&hellip;]<\/p>\n","protected":false},"author":5,"featured_media":40571,"comment_status":"open","ping_status":"open","sticky":false,"template":"","format":"video","meta":{"footnotes":""},"categories":[6326,6332],"tags":[],"class_list":{"0":"post-45929","1":"post","2":"type-post","3":"status-publish","4":"format-video","5":"has-post-thumbnail","7":"category-politike","8":"category-te-fundit","9":"post_format-post-format-video"},"_links":{"self":[{"href":"https:\/\/jugulajm.net\/index.php?rest_route=\/wp\/v2\/posts\/45929","targetHints":{"allow":["GET"]}}],"collection":[{"href":"https:\/\/jugulajm.net\/index.php?rest_route=\/wp\/v2\/posts"}],"about":[{"href":"https:\/\/jugulajm.net\/index.php?rest_route=\/wp\/v2\/types\/post"}],"author":[{"embeddable":true,"href":"https:\/\/jugulajm.net\/index.php?rest_route=\/wp\/v2\/users\/5"}],"replies":[{"embeddable":true,"href":"https:\/\/jugulajm.net\/index.php?rest_route=%2Fwp%2Fv2%2Fcomments&post=45929"}],"version-history":[{"count":0,"href":"https:\/\/jugulajm.net\/index.php?rest_route=\/wp\/v2\/posts\/45929\/revisions"}],"wp:featuredmedia":[{"embeddable":true,"href":"https:\/\/jugulajm.net\/index.php?rest_route=\/"}],"wp:attachment":[{"href":"https:\/\/jugulajm.net\/index.php?rest_route=%2Fwp%2Fv2%2Fmedia&parent=45929"}],"wp:term":[{"taxonomy":"category","embeddable":true,"href":"https:\/\/jugulajm.net\/index.php?rest_route=%2Fwp%2Fv2%2Fcategories&post=45929"},{"taxonomy":"post_tag","embeddable":true,"href":"https:\/\/jugulajm.net\/index.php?rest_route=%2Fwp%2Fv2%2Ftags&post=45929"}],"curies":[{"name":"wp","href":"https:\/\/api.w.org\/{rel}","templated":true}]}}