{"id":45902,"date":"2022-04-27T13:28:34","date_gmt":"2022-04-27T11:28:34","guid":{"rendered":"https:\/\/jugulajm.net\/?p=45902"},"modified":"2022-04-27T13:28:34","modified_gmt":"2022-04-27T11:28:34","slug":"tahiri-depoziton-rekursin-me-rrezikohet-jeta-ne-burg","status":"publish","type":"post","link":"https:\/\/jugulajm.net\/?p=45902","title":{"rendered":"Tahiri depoziton rekursin: M\u00eb rrezikohet jeta n\u00eb burg"},"content":{"rendered":"<p>Ish-ministri i Brendsh\u00ebm, Saimir Tahiri ka depozituar rekursin n\u00eb Gjykat\u00ebn e Posa\u00e7me t\u00eb Apelit p\u00ebr pezullimin e d\u00ebnimit me burg. Sipas Tahirit, vendimi i Apelit \u00ebsht\u00eb marr\u00eb n\u00eb kund\u00ebrshtim me ligjin.<\/p>\n<p><em>\u201cPezulloni vendimin, \u00ebsht\u00eb kund\u00ebr interesave te mia! Gjykata nuk ka vepruar drejt sepse m\u00eb ka d\u00ebnuar jashte kompetencave te saj\u201d<\/em>, thuhet n\u00eb rekursin e Tahirit. Apeli i Posa\u00e7\u00ebm vendosi q\u00eb t\u00eb rregjistroj\u00eb rekursin e dor\u00ebzuar nga Tahiri.<\/p>\n<div class=\"jeg_ad jeg_ad_article jnews_content_inline_ads  \">\n<div class=\"ads-wrapper align-center \">\n<p>M\u00eb 22 Prill, Ish-ministri i Brendsh\u00ebm, Saimir Tahiri b\u00ebri k\u00ebrkes\u00eb n\u00eb Gjykat\u00ebn e Posa\u00e7me p\u00ebr pezullimin e d\u00ebnimit me burg. N\u00eb nj\u00eb k\u00ebrkes\u00eb t\u00eb ndar\u00eb n\u00eb 2 faqe, Tahiri pretendoi se vendimi i Gjykat\u00ebs s\u00eb Posa\u00e7\u00ebm t\u00eb Apelit \u00ebsht\u00eb marr\u00eb n\u00eb kund\u00ebrshtim me ligjin dhe n\u00eb kund\u00ebrshti me interes\u00ebn e tij. Ish-ministri pretendonte se n\u00eb burgun e Fierit, ku edhe vuan d\u00ebnimin, \u00ebsht\u00eb i rrezikuar nga subjektet e krimit.<\/p>\n<p>Disa dit\u00eb m\u00eb par\u00eb, Prokuroria e Posa\u00e7me kund\u00ebr Korrupsionit dhe Krimit t\u00eb Organizuar, SPAK ka b\u00ebr\u00eb gjithashtu rekurs n\u00eb Gjykat\u00ebn e Lart\u00eb p\u00ebr vendimin ndaj ish-ministrit t\u00eb Brendsh\u00ebm, Saimir Tahiri dhe k\u00ebrkon q\u00eb Gjykata e Lart\u00eb t\u00eb marr\u00eb parasysh edhe vepr\u00ebn penale: \u201ctrafikim n\u00eb kuad\u00ebr grupit strukturuar\u201d. SPAK argumenton Tahiri duhet t\u00eb shpallet fajtor p\u00ebr \u201cp\u00ebrfshirje n\u00eb grup kriminal\u201d dhe \u201ctrafikim droge\u201d duke shtuar se argumentet dhe provat e pranuara nga GJKKO, cil\u00ebsimi si shp\u00ebrdorim detyre \u00ebsht\u00eb i gabuar.<\/p>\n<div class=\"jeg_ad jeg_ad_article jnews_content_inline_2_ads  \">\n<div class=\"ads-wrapper align-center \">\n<div class=\"ads_code\">GJKKO e d\u00ebnoi Saimir Tahirin me 5 vite burg p\u00ebr \u2018Shp\u00ebrdorim t\u00eb detyr\u00ebs\u2019, por p\u00ebr shkak se ish-ministri kishte k\u00ebrkuar aplikimin e procedur\u00ebs s\u00eb gjykimit t\u00eb shkurtuar, iu ul 1\/3 e d\u00ebnimit, e tani Tahirit i duhet q\u00eb t\u00eb q\u00ebndroj\u00eb pas hekurave t\u00eb burgut n\u00eb 3 vite e 4 muaj burgim. Tahiri u d\u00ebnua vet\u00ebm p\u00ebr \u201cShp\u00ebrdorim detyre\u201d duke i \u2018shp\u00ebtuar\u2019 akuzave \u201cKorrupsion t\u00eb zyrtar\u00ebve t\u00eb lart\u00eb\u201d, \u201cTrafik t\u00eb l\u00ebnd\u00ebve narkotike kryer n\u00eb bashk\u00ebpunim\u201d dhe \u201cGrup t\u00eb strukturuar kriminal\u201d.<\/div>\n<\/div>\n<\/div>\n<p>&nbsp;<\/p>\n<\/div>\n<\/div>\n","protected":false},"excerpt":{"rendered":"<p>Ish-ministri i Brendsh\u00ebm, Saimir Tahiri ka depozituar rekursin n\u00eb Gjykat\u00ebn e Posa\u00e7me t\u00eb Apelit p\u00ebr pezullimin e d\u00ebnimit me burg. Sipas Tahirit, vendimi i Apelit \u00ebsht\u00eb marr\u00eb n\u00eb kund\u00ebrshtim me ligjin. \u201cPezulloni vendimin, \u00ebsht\u00eb kund\u00ebr interesave te mia! Gjykata nuk ka vepruar drejt sepse m\u00eb ka d\u00ebnuar jashte kompetencave te saj\u201d, thuhet n\u00eb rekursin e [&hellip;]<\/p>\n","protected":false},"author":5,"featured_media":24327,"comment_status":"open","ping_status":"open","sticky":false,"template":"","format":"standard","meta":{"footnotes":""},"categories":[1,6332],"tags":[],"class_list":{"0":"post-45902","1":"post","2":"type-post","3":"status-publish","4":"format-standard","5":"has-post-thumbnail","7":"category-aktualitet","8":"category-te-fundit"},"_links":{"self":[{"href":"https:\/\/jugulajm.net\/index.php?rest_route=\/wp\/v2\/posts\/45902","targetHints":{"allow":["GET"]}}],"collection":[{"href":"https:\/\/jugulajm.net\/index.php?rest_route=\/wp\/v2\/posts"}],"about":[{"href":"https:\/\/jugulajm.net\/index.php?rest_route=\/wp\/v2\/types\/post"}],"author":[{"embeddable":true,"href":"https:\/\/jugulajm.net\/index.php?rest_route=\/wp\/v2\/users\/5"}],"replies":[{"embeddable":true,"href":"https:\/\/jugulajm.net\/index.php?rest_route=%2Fwp%2Fv2%2Fcomments&post=45902"}],"version-history":[{"count":0,"href":"https:\/\/jugulajm.net\/index.php?rest_route=\/wp\/v2\/posts\/45902\/revisions"}],"wp:featuredmedia":[{"embeddable":true,"href":"https:\/\/jugulajm.net\/index.php?rest_route=\/"}],"wp:attachment":[{"href":"https:\/\/jugulajm.net\/index.php?rest_route=%2Fwp%2Fv2%2Fmedia&parent=45902"}],"wp:term":[{"taxonomy":"category","embeddable":true,"href":"https:\/\/jugulajm.net\/index.php?rest_route=%2Fwp%2Fv2%2Fcategories&post=45902"},{"taxonomy":"post_tag","embeddable":true,"href":"https:\/\/jugulajm.net\/index.php?rest_route=%2Fwp%2Fv2%2Ftags&post=45902"}],"curies":[{"name":"wp","href":"https:\/\/api.w.org\/{rel}","templated":true}]}}