{"id":45900,"date":"2022-04-27T13:21:38","date_gmt":"2022-04-27T11:21:38","guid":{"rendered":"https:\/\/jugulajm.net\/?p=45900"},"modified":"2022-04-27T13:21:38","modified_gmt":"2022-04-27T11:21:38","slug":"pa-denuar-krimet-e-genocidin-serb-ne-kosove-nuk-sigurohet-nje-e-ardhme-europiane","status":"publish","type":"post","link":"https:\/\/jugulajm.net\/?p=45900","title":{"rendered":"Pa d\u00ebnuar krimet e genocidin serb n\u00eb Kosov\u00eb, nuk sigurohet nj\u00eb e ardhme europiane!"},"content":{"rendered":"<p><strong>Nga Tritan Shehu- deputet, ish minister i jashtem<\/strong><\/p>\n<p>Pa denuar krimet e genocidin serb ne Kosove e Rajon, pa u kerkuar falje per ato, nuk mund te sigurohet nje e ardhme europiane!<\/p>\n<div dir=\"auto\">Sot eshte pervjetori i masakres se Mejes prane Gjakoves, realizuar nga forcat dhe paraushtaraket serbe, ku u vrane mizorisht 377 burra dhe femije kosovare.<\/div>\n<p>Fatkeqesisht ky akt kriminal nuk eshte i vetem, por i paraprire dhe pasuar edhe me te tjere te ketij lloji, duke perbere keshtu nje veper genocidi te Serbise ndaj popullesise se Kosove, akte keto per te cilat qeveria e atij vendi nuk ka kerkuar kurre te falur.<\/p>\n<p>Ne keto kushte, pikeresht per te kujtuar e nderuar viktimat, por dhe per te denuar genocidin serb mbi popullesine e Kosoves i kerkova Kryetares se Kuvendit qe, se pari te mbahet nje minute heshtje solemne ne seancen plenare te se nesermes. Kete kerkese e bazoj ne Piken 5 te Nenit 7 te Rregullores se Kuvendit.<\/p>\n<div dir=\"auto\">Pa asnje dyshim ne ditet ne vazhdim do te procedohet me hapat kushtetuese per denimin edhe formal nga Kuvendi i yne i atij genocidi, ne Kosove dhe me gjere ne Rajon.<\/div>\n<div dir=\"auto\">Keshtu ka vepruar Kuvendi i Kosoves, si dhe Parlamente te tjera te vendeve te Rajonit.<\/div>\n<p>Pa denuar krimet e genocidet e te kaluares, pa u kerkuar falje nga pergjegjesit e tyre per ato, nuk mund te kete paqe e bashkejetese ne Rajonin tone.<\/p>\n<p>Ky eshte nje parim themelor mbi te cilen do te pershpejtohet edhe procesi i yne i integrimit europian, vlerat e te ciles i kerkojne keto akte.<\/p>\n<div dir=\"auto\">P.S. me poshte keni kerkesen e dorezuar sot zyrtarisht.<img decoding=\"async\" src=\"https:\/\/scontent.ftia14-1.fna.fbcdn.net\/v\/t39.30808-6\/279089934_3226985990871710_5971494075120047091_n.jpg?stp=dst-jpg_p526x296&amp;_nc_cat=110&amp;ccb=1-5&amp;_nc_sid=8bfeb9&amp;_nc_ohc=uTj9OUPloO0AX_7yhdG&amp;_nc_ht=scontent.ftia14-1.fna&amp;oh=00_AT9M0PV4Ad8IrnstMi8x02E3ll7w_i3yiz8bMJ6uqNgkGQ&amp;oe=626E0796\" alt=\"P\u00ebrshkrimi i fotografis\u00eb nuk \u00ebsht\u00eb i disponuesh\u00ebm.\" \/><\/div>\n","protected":false},"excerpt":{"rendered":"<p>Nga Tritan Shehu- deputet, ish minister i jashtem Pa denuar krimet e genocidin serb ne Kosove e Rajon, pa u kerkuar falje per ato, nuk mund te sigurohet nje e ardhme europiane! Sot eshte pervjetori i masakres se Mejes prane Gjakoves, realizuar nga forcat dhe paraushtaraket serbe, ku u vrane mizorisht 377 burra dhe femije [&hellip;]<\/p>\n","protected":false},"author":5,"featured_media":24250,"comment_status":"open","ping_status":"open","sticky":false,"template":"","format":"standard","meta":{"footnotes":""},"categories":[1,6332],"tags":[],"class_list":{"0":"post-45900","1":"post","2":"type-post","3":"status-publish","4":"format-standard","5":"has-post-thumbnail","7":"category-aktualitet","8":"category-te-fundit"},"_links":{"self":[{"href":"https:\/\/jugulajm.net\/index.php?rest_route=\/wp\/v2\/posts\/45900","targetHints":{"allow":["GET"]}}],"collection":[{"href":"https:\/\/jugulajm.net\/index.php?rest_route=\/wp\/v2\/posts"}],"about":[{"href":"https:\/\/jugulajm.net\/index.php?rest_route=\/wp\/v2\/types\/post"}],"author":[{"embeddable":true,"href":"https:\/\/jugulajm.net\/index.php?rest_route=\/wp\/v2\/users\/5"}],"replies":[{"embeddable":true,"href":"https:\/\/jugulajm.net\/index.php?rest_route=%2Fwp%2Fv2%2Fcomments&post=45900"}],"version-history":[{"count":0,"href":"https:\/\/jugulajm.net\/index.php?rest_route=\/wp\/v2\/posts\/45900\/revisions"}],"wp:featuredmedia":[{"embeddable":true,"href":"https:\/\/jugulajm.net\/index.php?rest_route=\/"}],"wp:attachment":[{"href":"https:\/\/jugulajm.net\/index.php?rest_route=%2Fwp%2Fv2%2Fmedia&parent=45900"}],"wp:term":[{"taxonomy":"category","embeddable":true,"href":"https:\/\/jugulajm.net\/index.php?rest_route=%2Fwp%2Fv2%2Fcategories&post=45900"},{"taxonomy":"post_tag","embeddable":true,"href":"https:\/\/jugulajm.net\/index.php?rest_route=%2Fwp%2Fv2%2Ftags&post=45900"}],"curies":[{"name":"wp","href":"https:\/\/api.w.org\/{rel}","templated":true}]}}