{"id":45896,"date":"2022-04-27T12:44:57","date_gmt":"2022-04-27T10:44:57","guid":{"rendered":"https:\/\/jugulajm.net\/?p=45896"},"modified":"2022-04-27T12:44:57","modified_gmt":"2022-04-27T10:44:57","slug":"killeri-i-kelcyres-kerkon-lirine-nga-gjykata-familjaret-e-viktimes-apelojne-nese-ndodh-atehere","status":"publish","type":"post","link":"https:\/\/jugulajm.net\/?p=45896","title":{"rendered":"Killeri i K\u00eblcyr\u00ebs k\u00ebrkon lirin\u00eb nga gjykata, familjar\u00ebt e viktim\u00ebs apelojn\u00eb n\u00ebse ndodh at\u00ebhere&#8230;"},"content":{"rendered":"<p>Killeri i K\u00eblcyr\u00ebs, k\u00ebrkon lirin\u00eb nga gjykata.<\/p>\n<p>Sipas familjar\u00ebve t\u00eb viktim\u00ebs Nesim Hoxha, Gjykata e Rrethit P\u00ebrmet, n\u00eb bashk\u00ebpunim me Prokurorin\u00eb si dhe Institutin e Mjek\u00ebsis\u00eb Ligjore Tiran\u00eb, po p\u00ebrgatisin hapin e rradh\u00ebs p\u00ebr rivler\u00ebsimin e mas\u00ebs (q\u00eb mund t\u00eb nxjerr\u00eb t\u00eb lir\u00eb) killerin e K\u00eblcyr\u00ebs Alban Voda, i cili m\u00eb 5 mars 2017 ne fshatin \u00c7orrogunj\u00eb i preu koken me thike fqinjit te tij Nesim Hoxha.<\/p>\n<p>Zyrtar\u00eb t\u00eb drejt\u00ebsis\u00eb po p\u00ebrdorin si form\u00eb p\u00ebr lirimin e Alban Vod\u00ebs, p\u00ebrgatitjen e nj\u00eb raporti mjek\u00ebsor nga eksperte Ilda Aliko &#8211; shprehet i irrituar v\u00ebllai i viktim\u00ebs Shyqyri Hoxha.<\/p>\n<p>Nuk do ta l\u00eb me kaq, k\u00ebrkoj nga Ministria e Drejt\u00ebsis\u00eb dhe shteti shqiptar t\u00eb parandaloj\u00eb k\u00ebt\u00eb skandal, si dhe media te monitoroje kete proces gjyqesor q\u00eb t\u00eb mos shkojm\u00eb n\u00eb vetgjyq\u00ebsi!-shprehet ai.<\/p>\n","protected":false},"excerpt":{"rendered":"<p>Killeri i K\u00eblcyr\u00ebs, k\u00ebrkon lirin\u00eb nga gjykata. Sipas familjar\u00ebve t\u00eb viktim\u00ebs Nesim Hoxha, Gjykata e Rrethit P\u00ebrmet, n\u00eb bashk\u00ebpunim me Prokurorin\u00eb si dhe Institutin e Mjek\u00ebsis\u00eb Ligjore Tiran\u00eb, po p\u00ebrgatisin hapin e rradh\u00ebs p\u00ebr rivler\u00ebsimin e mas\u00ebs (q\u00eb mund t\u00eb nxjerr\u00eb t\u00eb lir\u00eb) killerin e K\u00eblcyr\u00ebs Alban Voda, i cili m\u00eb 5 mars 2017 ne [&hellip;]<\/p>\n","protected":false},"author":5,"featured_media":14317,"comment_status":"open","ping_status":"open","sticky":false,"template":"","format":"standard","meta":{"footnotes":""},"categories":[1,6332],"tags":[],"class_list":{"0":"post-45896","1":"post","2":"type-post","3":"status-publish","4":"format-standard","5":"has-post-thumbnail","7":"category-aktualitet","8":"category-te-fundit"},"_links":{"self":[{"href":"https:\/\/jugulajm.net\/index.php?rest_route=\/wp\/v2\/posts\/45896","targetHints":{"allow":["GET"]}}],"collection":[{"href":"https:\/\/jugulajm.net\/index.php?rest_route=\/wp\/v2\/posts"}],"about":[{"href":"https:\/\/jugulajm.net\/index.php?rest_route=\/wp\/v2\/types\/post"}],"author":[{"embeddable":true,"href":"https:\/\/jugulajm.net\/index.php?rest_route=\/wp\/v2\/users\/5"}],"replies":[{"embeddable":true,"href":"https:\/\/jugulajm.net\/index.php?rest_route=%2Fwp%2Fv2%2Fcomments&post=45896"}],"version-history":[{"count":0,"href":"https:\/\/jugulajm.net\/index.php?rest_route=\/wp\/v2\/posts\/45896\/revisions"}],"wp:featuredmedia":[{"embeddable":true,"href":"https:\/\/jugulajm.net\/index.php?rest_route=\/"}],"wp:attachment":[{"href":"https:\/\/jugulajm.net\/index.php?rest_route=%2Fwp%2Fv2%2Fmedia&parent=45896"}],"wp:term":[{"taxonomy":"category","embeddable":true,"href":"https:\/\/jugulajm.net\/index.php?rest_route=%2Fwp%2Fv2%2Fcategories&post=45896"},{"taxonomy":"post_tag","embeddable":true,"href":"https:\/\/jugulajm.net\/index.php?rest_route=%2Fwp%2Fv2%2Ftags&post=45896"}],"curies":[{"name":"wp","href":"https:\/\/api.w.org\/{rel}","templated":true}]}}