{"id":45818,"date":"2022-04-25T08:33:31","date_gmt":"2022-04-25T06:33:31","guid":{"rendered":"https:\/\/jugulajm.net\/?p=45818"},"modified":"2022-04-25T08:33:31","modified_gmt":"2022-04-25T06:33:31","slug":"sarande-i-sapodale-nga-burgu-plagosi-me-thike-dy-vellezerit-emri","status":"publish","type":"post","link":"https:\/\/jugulajm.net\/?p=45818","title":{"rendered":"Sarand\u00eb\/ I sapodal\u00eb nga burgu, plagosi me thik\u00eb dy v\u00ebllez\u00ebrit\/ EMRI"},"content":{"rendered":"<div class=\"fixed-header category-tpl\">\n<div class=\"container\">\n<div class=\"header-content tbl-explore-more-site-header \">\n<div class=\"header-home mobile-only\">Gjat\u00eb mbr\u00ebmjes s\u00eb djeshme n\u00eb qytetin e Sarand\u00ebs \u00ebsht\u00eb regjistruar nj\u00eb ngjarje e r\u00ebnd\u00eb. Nj\u00eb 43-vje\u00e7ar plagosi me thik\u00eb dy f\u00ebmij\u00eb. K\u00ebta t\u00eb fundit jan\u00eb v\u00ebllez\u00ebr, nd\u00ebrsa nj\u00ebri \u00ebsht\u00eb identifikuar si shtetasi K.G. 18 vje\u00e7 dhe v\u00ebllai i tij D. G., 16 vje\u00e7. Autori i sulmit \u00ebsht\u00eb Ibrahim Duda, 43-vje\u00e7ari i shpallur n\u00eb k\u00ebrkim q\u00eb akuzohet se ka plagosur dy v\u00ebllez\u00ebrit.<\/div>\n<div><\/div>\n<div class=\"header-home mobile-only\">\n<div class=\"container-wrapper\">\n<div class=\"container\">\n<div class=\"padding-mobile category-body\">\n<div class=\"news-left-block\">\n<div class=\"news-wrapper\">\n<div class=\"content-wrapper\">\n<p>Duda njihet si p\u00ebrdorues i drogave t\u00eb forta, teksa \u00ebsht\u00eb person me precedent\u00eb t\u00eb m\u00ebparsh\u00ebm penal pasi n\u00eb t\u00eb kaluar\u00ebn \u00ebsht\u00eb d\u00ebnuar p\u00ebr tentativ\u00eb vrasje dhe p\u00ebr vjedhje e kund\u00ebrshtim t\u00eb forcave t\u00eb policis\u00eb. Duda q\u00eblloi 18-vje\u00e7arin, por kur nd\u00ebrhyri i v\u00ebllai i 18-vje\u00e7arit, e goditi edhe at\u00eb me thik\u00eb. T\u00eb dy t\u00eb miturit ran\u00eb n\u00eb tok\u00eb, nd\u00ebrsa Duda u largua nga vendi i ngjarjes.<\/p>\n<\/div>\n<\/div>\n<\/div>\n<\/div>\n<\/div>\n<\/div>\n<\/div>\n<\/div>\n<\/div>\n<div>B\u00ebhet e ditur se t\u00eb plagosurit ndodhen n\u00eb spital dhe m\u00ebsohet se jan\u00eb n\u00eb gjendje t\u00eb r\u00ebnd\u00eb pasi kan\u00eb plag\u00eb t\u00eb m\u00ebdha n\u00eb kraharor. Shkaku i sherrit mes Dud\u00ebs dhe v\u00ebllez\u00ebrve t\u00eb mitur nuk dihet ende, teksa policia po heton p\u00ebr rrethanat e ngjarjes.<\/div>\n<\/div>\n","protected":false},"excerpt":{"rendered":"<p>Gjat\u00eb mbr\u00ebmjes s\u00eb djeshme n\u00eb qytetin e Sarand\u00ebs \u00ebsht\u00eb regjistruar nj\u00eb ngjarje e r\u00ebnd\u00eb. Nj\u00eb 43-vje\u00e7ar plagosi me thik\u00eb dy f\u00ebmij\u00eb. K\u00ebta t\u00eb fundit jan\u00eb v\u00ebllez\u00ebr, nd\u00ebrsa nj\u00ebri \u00ebsht\u00eb identifikuar si shtetasi K.G. 18 vje\u00e7 dhe v\u00ebllai i tij D. G., 16 vje\u00e7. Autori i sulmit \u00ebsht\u00eb Ibrahim Duda, 43-vje\u00e7ari i shpallur n\u00eb k\u00ebrkim q\u00eb [&hellip;]<\/p>\n","protected":false},"author":5,"featured_media":45819,"comment_status":"open","ping_status":"open","sticky":false,"template":"","format":"standard","meta":{"footnotes":""},"categories":[1,6332],"tags":[],"class_list":{"0":"post-45818","1":"post","2":"type-post","3":"status-publish","4":"format-standard","5":"has-post-thumbnail","7":"category-aktualitet","8":"category-te-fundit"},"_links":{"self":[{"href":"https:\/\/jugulajm.net\/index.php?rest_route=\/wp\/v2\/posts\/45818","targetHints":{"allow":["GET"]}}],"collection":[{"href":"https:\/\/jugulajm.net\/index.php?rest_route=\/wp\/v2\/posts"}],"about":[{"href":"https:\/\/jugulajm.net\/index.php?rest_route=\/wp\/v2\/types\/post"}],"author":[{"embeddable":true,"href":"https:\/\/jugulajm.net\/index.php?rest_route=\/wp\/v2\/users\/5"}],"replies":[{"embeddable":true,"href":"https:\/\/jugulajm.net\/index.php?rest_route=%2Fwp%2Fv2%2Fcomments&post=45818"}],"version-history":[{"count":0,"href":"https:\/\/jugulajm.net\/index.php?rest_route=\/wp\/v2\/posts\/45818\/revisions"}],"wp:featuredmedia":[{"embeddable":true,"href":"https:\/\/jugulajm.net\/index.php?rest_route=\/wp\/v2\/media\/45819"}],"wp:attachment":[{"href":"https:\/\/jugulajm.net\/index.php?rest_route=%2Fwp%2Fv2%2Fmedia&parent=45818"}],"wp:term":[{"taxonomy":"category","embeddable":true,"href":"https:\/\/jugulajm.net\/index.php?rest_route=%2Fwp%2Fv2%2Fcategories&post=45818"},{"taxonomy":"post_tag","embeddable":true,"href":"https:\/\/jugulajm.net\/index.php?rest_route=%2Fwp%2Fv2%2Ftags&post=45818"}],"curies":[{"name":"wp","href":"https:\/\/api.w.org\/{rel}","templated":true}]}}