{"id":45680,"date":"2022-04-20T17:57:57","date_gmt":"2022-04-20T15:57:57","guid":{"rendered":"https:\/\/jugulajm.net\/?p=45680"},"modified":"2022-04-20T18:02:28","modified_gmt":"2022-04-20T16:02:28","slug":"ahmetaj-kush-kalon-mbi-700-k-h-paguan-me-shume","status":"publish","type":"post","link":"https:\/\/jugulajm.net\/?p=45680","title":{"rendered":"Ahmetaj: Kush kalon mbi 700 k\/h paguan m\u00eb shum\u00eb"},"content":{"rendered":"<p>Zv.kryeministri Arben Ahmetaj ka prezantuar detaje nga projektligji i ri i qeveris\u00eb q\u00eb pritet t\u00eb miratohet n\u00eb vijim.<\/p>\n<div id=\"single-wrapper\" class=\"wrapper\">\n<div id=\"content\" class=\"container pt-3 test\" tabindex=\"-1\">\n<div class=\"row\">\n<div id=\"primary\" class=\"col-md-9 content-area\">\n<article id=\"post-292340\" class=\"post-292340 post type-post status-publish format-standard has-post-thumbnail hentry category-lajme category-shqiperi tag-arben-ahmetaj tag-kriza-energjitike tag-rritja-e-cmimit-te-energjise\">\n<div class=\"entry-content px-2 px-sm-3\">\n<p>Ahmetaj u shpreh se kush harxhon m\u00eb shum\u00eb do t\u00eb paguaj\u00eb m\u00eb shum\u00eb.<\/p>\n<p>Pra ata q\u00eb kalojn\u00eb fash\u00ebn 700 kilovat energji elektrike, do ta paguaj\u00eb me \u00e7mimin e tregut pa subvencionim nga shteti.<\/p>\n<p>Gjithashtu Ahmetaj theksoi se jan\u00eb 5 % t\u00eb numrit t\u00eb p\u00ebrgjithsh\u00ebm t\u00eb familjeve shqiptare q\u00eb do t\u00eb preken nga kjo skem\u00eb.<\/p>\n<p>\u201cSa i p\u00ebrket biznesit t\u00eb vog\u00ebl dhe familjar\u00ebve nuk do t\u00eb ket\u00eb rritje t\u00eb energjis\u00eb. Ka nj\u00eb pjes\u00eb t\u00eb vog\u00ebl gati 5% e familjeve kalojn\u00eb mbi 700 kilovat. Dhe n\u00eb konceptin e progresivitetit ato familje q\u00eb harxhojn\u00eb m\u00eb shum\u00eb se 700 kilovat do trajtohet m\u00eb shum\u00eb. Familjet q\u00eb harxhojn\u00eb n\u00ebn 700 nuk ndryshon \u00e7mimi. Se ato familje q\u00eb harxhojn\u00eb m\u00eb shum\u00eb kan\u00eb kapacitet m\u00eb t\u00eb madh. Nuk harxhojn\u00eb kot. Jemi duke folur p\u00ebr kapacitet m\u00eb t\u00eb madh se ai normal. Nuk harxhojn\u00eb kot. Se nuk harxhon lavatricja dhe televizori. K\u00ebto familje do trajtohen me progresivitet.\u201d &#8211; u shpreh zv\/kryeministri Ahmetaj.<\/p>\n<\/div>\n<\/article>\n<\/div>\n<\/div>\n<\/div>\n<\/div>\n","protected":false},"excerpt":{"rendered":"<p>Zv.kryeministri Arben Ahmetaj ka prezantuar detaje nga projektligji i ri i qeveris\u00eb q\u00eb pritet t\u00eb miratohet n\u00eb vijim. Ahmetaj u shpreh se kush harxhon m\u00eb shum\u00eb do t\u00eb paguaj\u00eb m\u00eb shum\u00eb. Pra ata q\u00eb kalojn\u00eb fash\u00ebn 700 kilovat energji elektrike, do ta paguaj\u00eb me \u00e7mimin e tregut pa subvencionim nga shteti. Gjithashtu Ahmetaj theksoi se [&hellip;]<\/p>\n","protected":false},"author":5,"featured_media":39911,"comment_status":"open","ping_status":"open","sticky":false,"template":"","format":"standard","meta":{"footnotes":""},"categories":[6327,6332],"tags":[17803,16672],"class_list":{"0":"post-45680","1":"post","2":"type-post","3":"status-publish","4":"format-standard","5":"has-post-thumbnail","7":"category-ekonomi","8":"category-te-fundit","9":"tag-ahmetaj-kush-kalon-mbi-700-k-h-paguan-me-shume","10":"tag-arben-ahmetaj"},"_links":{"self":[{"href":"https:\/\/jugulajm.net\/index.php?rest_route=\/wp\/v2\/posts\/45680","targetHints":{"allow":["GET"]}}],"collection":[{"href":"https:\/\/jugulajm.net\/index.php?rest_route=\/wp\/v2\/posts"}],"about":[{"href":"https:\/\/jugulajm.net\/index.php?rest_route=\/wp\/v2\/types\/post"}],"author":[{"embeddable":true,"href":"https:\/\/jugulajm.net\/index.php?rest_route=\/wp\/v2\/users\/5"}],"replies":[{"embeddable":true,"href":"https:\/\/jugulajm.net\/index.php?rest_route=%2Fwp%2Fv2%2Fcomments&post=45680"}],"version-history":[{"count":0,"href":"https:\/\/jugulajm.net\/index.php?rest_route=\/wp\/v2\/posts\/45680\/revisions"}],"wp:featuredmedia":[{"embeddable":true,"href":"https:\/\/jugulajm.net\/index.php?rest_route=\/"}],"wp:attachment":[{"href":"https:\/\/jugulajm.net\/index.php?rest_route=%2Fwp%2Fv2%2Fmedia&parent=45680"}],"wp:term":[{"taxonomy":"category","embeddable":true,"href":"https:\/\/jugulajm.net\/index.php?rest_route=%2Fwp%2Fv2%2Fcategories&post=45680"},{"taxonomy":"post_tag","embeddable":true,"href":"https:\/\/jugulajm.net\/index.php?rest_route=%2Fwp%2Fv2%2Ftags&post=45680"}],"curies":[{"name":"wp","href":"https:\/\/api.w.org\/{rel}","templated":true}]}}