{"id":45515,"date":"2022-04-16T15:25:28","date_gmt":"2022-04-16T13:25:28","guid":{"rendered":"https:\/\/jugulajm.net\/?p=45515"},"modified":"2022-04-16T15:33:01","modified_gmt":"2022-04-16T13:33:01","slug":"video-platforma-e-alibeajt-shehu-vendime-percarese-procesi-i-organizimit-transparent","status":"publish","type":"post","link":"https:\/\/jugulajm.net\/?p=45515","title":{"rendered":"(VIDEO) Platforma e Alibeajt\/ Shehu: Vendime p\u00ebr\u00e7ar\u00ebse, procesi i organizimit, transparent"},"content":{"rendered":"<p>I ftuar ne tv Ora News, Deputeti i PD-s\u00eb per Qarkun Gjirokaster, Prof. Dr. Tritan Shehu, ka komentuar platform\u00ebn e propozuar nga deputeti Enkelejd Alibeajt, duke e cilesuar si nj\u00eb vendim p\u00ebr\u00e7ar\u00ebs stalinist.<\/p>\n<p>Nder te tjera Shehu eshte shprehur:<\/p>\n<p>Z.Alibeaj nuk mund te jete Kryetar i Grupit te PD. Ai e humbi shansin per te qene gjithe bashkues duke qendruar ne pozitat e tij percarese. Procesi aktual i riorganizimit te PD eshte tashme nje proces i filluar prej kohesh dhe transparent.<\/p>\n<p>Megjithate aty ku ka probleme, mejehere behet nje auditim ne terren. Sepse eshte e kuptueshme te kete dhe probleme diku si gjithmone ka pasur, ashtu si ne terresi procesi po shkon normalisht. Ka forma rregullimi te ndonje problemi, nuk eshte hera e pare qe bejme zgjedhje ne PD. PD duhet te formalizoje \u201cpiramiden\u201d e saj, qe me tej te fillojme pregatitjet per zgjedhjet lokale. Dhe ne kete proces pjesemarja e te gjithe deputeteve eshte e rendesishme, ata do te jene te gjithe edhe antare te KK.<\/p>\n<p>Te besh riorganizim e PD mbas zgjedhjeve administrative do te thote t\u2019i dhurosh Rames perseri Pushtetin vendor. \u201cFalja\u201d Alibeaj-Gaz ndaj meje eshte edhe per te qare e per te qeshur. Te dy keta jane bashkefajtore te percarjes e vendimeve staliniste ne PD. Z.Rushaj nuk pranoi te firmoste per ato dhe dha doreheqjen, ndersa Z.Alibeaj te parin dokument qe firmosi si Kryetar i Grupit ishte ai manifest percares.<\/p>\n<p>Z.Alibeaj e ka humbur te drejten te jete Kryetar i Grupit se eshte pjese e pecarjes dhe nuk eshte personazh gjithe bashkues. Ai vete duhet te dorehiqet se nuk perfaqeson grupin ne terresine e tij. Duke filluar nga shkelja dhe e parimet kushtetuese e politike te ndertimit te grupit me te gjithe deputetet e dale nga listat e PD ne zgjedhjet e 25 Prillit. Per te vazhduar me tej\u2026.<\/p>\n","protected":false},"excerpt":{"rendered":"<p>I ftuar ne tv Ora News, Deputeti i PD-s\u00eb per Qarkun Gjirokaster, Prof. Dr. Tritan Shehu, ka komentuar platform\u00ebn e propozuar nga deputeti Enkelejd Alibeajt, duke e cilesuar si nj\u00eb vendim p\u00ebr\u00e7ar\u00ebs stalinist. Nder te tjera Shehu eshte shprehur: Z.Alibeaj nuk mund te jete Kryetar i Grupit te PD. Ai e humbi shansin per te [&hellip;]<\/p>\n","protected":false},"author":5,"featured_media":45518,"comment_status":"open","ping_status":"open","sticky":false,"template":"","format":"video","meta":{"footnotes":""},"categories":[6326,6332],"tags":[17750],"class_list":{"0":"post-45515","1":"post","2":"type-post","3":"status-publish","4":"format-video","5":"has-post-thumbnail","7":"category-politike","8":"category-te-fundit","9":"tag-video-platforma-e-alibeajt-shehu-vendime-percarese","10":"post_format-post-format-video"},"_links":{"self":[{"href":"https:\/\/jugulajm.net\/index.php?rest_route=\/wp\/v2\/posts\/45515","targetHints":{"allow":["GET"]}}],"collection":[{"href":"https:\/\/jugulajm.net\/index.php?rest_route=\/wp\/v2\/posts"}],"about":[{"href":"https:\/\/jugulajm.net\/index.php?rest_route=\/wp\/v2\/types\/post"}],"author":[{"embeddable":true,"href":"https:\/\/jugulajm.net\/index.php?rest_route=\/wp\/v2\/users\/5"}],"replies":[{"embeddable":true,"href":"https:\/\/jugulajm.net\/index.php?rest_route=%2Fwp%2Fv2%2Fcomments&post=45515"}],"version-history":[{"count":0,"href":"https:\/\/jugulajm.net\/index.php?rest_route=\/wp\/v2\/posts\/45515\/revisions"}],"wp:featuredmedia":[{"embeddable":true,"href":"https:\/\/jugulajm.net\/index.php?rest_route=\/wp\/v2\/media\/45518"}],"wp:attachment":[{"href":"https:\/\/jugulajm.net\/index.php?rest_route=%2Fwp%2Fv2%2Fmedia&parent=45515"}],"wp:term":[{"taxonomy":"category","embeddable":true,"href":"https:\/\/jugulajm.net\/index.php?rest_route=%2Fwp%2Fv2%2Fcategories&post=45515"},{"taxonomy":"post_tag","embeddable":true,"href":"https:\/\/jugulajm.net\/index.php?rest_route=%2Fwp%2Fv2%2Ftags&post=45515"}],"curies":[{"name":"wp","href":"https:\/\/api.w.org\/{rel}","templated":true}]}}