{"id":45381,"date":"2022-04-12T10:00:13","date_gmt":"2022-04-12T08:00:13","guid":{"rendered":"https:\/\/jugulajm.net\/?p=45381"},"modified":"2022-04-12T10:00:13","modified_gmt":"2022-04-12T08:00:13","slug":"vazhdon-me-perlat-ministrja-muzhaqi-femijet-e-klases-se-1-re-do-mesojne-kodimin","status":"publish","type":"post","link":"https:\/\/jugulajm.net\/?p=45381","title":{"rendered":"Vazhdon me &#8221;perlat&#8221; ministrja Muzhaqi: F\u00ebmij\u00ebt e klas\u00ebs s\u00eb 1-r\u00eb do m\u00ebsojn\u00eb kodimin"},"content":{"rendered":"<p>Ministrja p\u00ebr Rinin\u00eb dhe F\u00ebmij\u00ebt Bora Muzhaqi ka deklaruar se do t\u00eb p\u00ebrfshihet nj\u00eb l\u00ebnde e re m\u00ebsimore n\u00eb shkolla, e cila do t\u00eb futet n\u00eb fuqi q\u00eb n\u00eb klas\u00eb t\u00eb par\u00eb.<\/p>\n<p>B\u00ebhet fjal\u00eb p\u00ebr kodimin.<\/p>\n<p>&#8221;Perla&#8221; e radh\u00ebs e ministres e cila nuk i ka t\u00eb pak\u00ebta k\u00ebto t\u00eb fundit, u tha dit\u00ebn e djeshme n\u00eb foltoren e Kuvendit t\u00eb Shqip\u00ebris\u00eb.<\/p>\n<p>Pas ndjes\u00ebs p\u00ebr diellin e tep\u00ebrt ministrja po b\u00ebhet virale me \u2018shpikjen\u2019 e radh\u00ebs. Tashm\u00eb t\u00eb vegj\u00eblit, t\u00eb cil\u00ebt ulen p\u00ebr her\u00eb t\u00eb par\u00eb n\u00eb bankat e shkoll\u00ebs, q\u00eb me frik\u00eb p\u00ebrballen me jet\u00ebn sociale dhe me m\u00ebsimet nga fusha t\u00eb ndryshme, do t\u00eb p\u00ebrballen dhe me fush\u00ebn e IT.<\/p>\n<p>Muzhaqi, tha se kodimi do t\u00eb p\u00ebrfshihet si l\u00ebnd\u00eb shkollore q\u00eb n\u00eb klas\u00eb t\u00eb par\u00eb e se kjo politik\u00eb do i ofronte f\u00ebmij\u00ebve nj\u00eb t\u00eb ardhme t\u00eb sigurt.<\/p>\n<div class=\"jeg_ad jeg_ad_article jnews_content_inline_ads  \">\n<div class=\"ads-wrapper align-center \">\n<div class=\"ads_code\"><em>\u201cOrientimi n\u00eb shkenca do u ofroj\u00eb t\u00eb rinjve nj\u00eb t\u00eb ardhme m\u00eb t\u00eb sigurt. Politikat n\u00eb k\u00ebt\u00eb fush\u00eb jan\u00eb dy. E para \u00ebsht\u00eb p\u00ebrfshirja e kodimit q\u00eb n\u00eb klas\u00eb t\u00eb par\u00eb dhe e dyta q\u00eb lidhet me ofrimin e bursave p\u00ebr t\u00eb rinjt\u00eb. Fillimin e vitit t\u00eb ri shkollor 100 shkolla n\u00eb t\u00eb gjith\u00eb Shqip\u00ebrin\u00eb do pajisen me laborator\u00eb teknologjik\u00eb t\u00eb rinj. F\u00ebmij\u00ebt e klas\u00ebs s\u00eb par\u00eb do m\u00ebsojn\u00eb kurrikul\u00ebn e kodimit. K\u00ebta f\u00ebmij\u00eb bashk\u00eb me ata q\u00eb ndjekin kodimin si l\u00ebnd\u00eb ekstra kurrikulare do jen\u00eb ata q\u00eb do hapin rrug\u00ebn p\u00ebr Shqip\u00ebrin\u00eb e teknologjis\u00eb p\u00ebr t\u00eb konkurruar n\u00eb m\u00ebnyr\u00eb t\u00eb denj\u00eb me bashk\u00ebmoshatar\u00ebt europian\u00eb<\/em>\u201d, u shpreh Muzhaqi.<\/div>\n<\/div>\n<\/div>\n","protected":false},"excerpt":{"rendered":"<p>Ministrja p\u00ebr Rinin\u00eb dhe F\u00ebmij\u00ebt Bora Muzhaqi ka deklaruar se do t\u00eb p\u00ebrfshihet nj\u00eb l\u00ebnde e re m\u00ebsimore n\u00eb shkolla, e cila do t\u00eb futet n\u00eb fuqi q\u00eb n\u00eb klas\u00eb t\u00eb par\u00eb. B\u00ebhet fjal\u00eb p\u00ebr kodimin. &#8221;Perla&#8221; e radh\u00ebs e ministres e cila nuk i ka t\u00eb pak\u00ebta k\u00ebto t\u00eb fundit, u tha dit\u00ebn e [&hellip;]<\/p>\n","protected":false},"author":5,"featured_media":45382,"comment_status":"open","ping_status":"open","sticky":false,"template":"","format":"standard","meta":{"footnotes":""},"categories":[7520,6332],"tags":[17673],"class_list":{"0":"post-45381","1":"post","2":"type-post","3":"status-publish","4":"format-standard","5":"has-post-thumbnail","7":"category-arsim","8":"category-te-fundit","9":"tag-bora-muzhaqi"},"_links":{"self":[{"href":"https:\/\/jugulajm.net\/index.php?rest_route=\/wp\/v2\/posts\/45381","targetHints":{"allow":["GET"]}}],"collection":[{"href":"https:\/\/jugulajm.net\/index.php?rest_route=\/wp\/v2\/posts"}],"about":[{"href":"https:\/\/jugulajm.net\/index.php?rest_route=\/wp\/v2\/types\/post"}],"author":[{"embeddable":true,"href":"https:\/\/jugulajm.net\/index.php?rest_route=\/wp\/v2\/users\/5"}],"replies":[{"embeddable":true,"href":"https:\/\/jugulajm.net\/index.php?rest_route=%2Fwp%2Fv2%2Fcomments&post=45381"}],"version-history":[{"count":0,"href":"https:\/\/jugulajm.net\/index.php?rest_route=\/wp\/v2\/posts\/45381\/revisions"}],"wp:featuredmedia":[{"embeddable":true,"href":"https:\/\/jugulajm.net\/index.php?rest_route=\/wp\/v2\/media\/45382"}],"wp:attachment":[{"href":"https:\/\/jugulajm.net\/index.php?rest_route=%2Fwp%2Fv2%2Fmedia&parent=45381"}],"wp:term":[{"taxonomy":"category","embeddable":true,"href":"https:\/\/jugulajm.net\/index.php?rest_route=%2Fwp%2Fv2%2Fcategories&post=45381"},{"taxonomy":"post_tag","embeddable":true,"href":"https:\/\/jugulajm.net\/index.php?rest_route=%2Fwp%2Fv2%2Ftags&post=45381"}],"curies":[{"name":"wp","href":"https:\/\/api.w.org\/{rel}","templated":true}]}}