{"id":45302,"date":"2022-04-09T13:17:21","date_gmt":"2022-04-09T11:17:21","guid":{"rendered":"https:\/\/jugulajm.net\/?p=45302"},"modified":"2022-04-09T13:17:21","modified_gmt":"2022-04-09T11:17:21","slug":"elisa-pasi-fituam-luften-me-kanabisin-tani-do-e-legalizojme","status":"publish","type":"post","link":"https:\/\/jugulajm.net\/?p=45302","title":{"rendered":"Elisa: Pasi fituam luft\u00ebn me kanabisin, tani do e legalizojm\u00eb"},"content":{"rendered":"<p>Ministrja e Shtetit p\u00ebr Marr\u00ebdh\u00ebniet me Parlamentin, Elisa Spiropali, vazhdoi me \u2018spiropalizmat\u2019 edhe n\u00eb sall\u00ebn e Kongresit t\u00eb PS.<\/p>\n<p>Ajo tha se qeveria pritet t\u00eb legalizoj\u00eb kanabisin, duke shtuar se luft\u00ebn me hashashin e kan\u00eb t\u00eb fituar.<\/p>\n<p><em>\u201cLuft\u00ebn kund\u00ebr kanabisit ne e kemi fituar dhe Shqip\u00ebria ka dal\u00eb nga harta e vendeve problematike n\u00eb k\u00ebt\u00eb drejtim.<\/em><\/p>\n<p><em>P\u00ebr k\u00ebt\u00eb shkak, e p\u00ebr shum\u00eb t\u00eb tjera arsye, ne v\u00ebm\u00eb re q\u00eb mbi 60 p\u00ebrqind e qytetar\u00ebve q\u00eb jan\u00eb p\u00ebrgjigjur, 309 mij\u00eb shqiptar\u00eb jan\u00eb dakord q\u00eb vendi t\u00eb lejoj\u00eb kultivimin, p\u00ebrpunimin e eksportimin e kontrolluar rrept\u00ebsisht nga shteti t\u00eb kanabisit p\u00ebr q\u00ebllime mjek\u00ebsore, por duke vijuar ta kriminalizoj\u00eb at\u00eb p\u00ebr trafik apo p\u00ebrdorim vetjak\u201d.<\/em><\/p>\n<p><em>\u201cShqiptar\u00ebt gjykojn\u00eb n\u00eb shumic\u00eb se nj\u00eb qasje e till\u00eb do dekurajoj\u00eb ilegalitetin dhe kriminalitetin e lidhur me k\u00ebt\u00eb problem madhor jo vet\u00ebm shqiptar, por dhe nd\u00ebrkomb\u00ebtar.<\/em><\/p>\n<p><em>Ne do e d\u00ebgjojm\u00eb z\u00ebrin e tyre p\u00ebr legalizimin e kanabisit mjek\u00ebsor dhe do hapim nj\u00eb front t\u00eb ri pune dhe rritje ekonomike duke v\u00ebn\u00eb n\u00eb binar\u00eb ligjore e duke luftuar kriminalizimin e k\u00ebtij fenomeni si\u00e7 kemi b\u00ebr\u00eb deri m\u00eb sot\u201d,<\/em>\u00a0tha Spiropali.<\/p>\n","protected":false},"excerpt":{"rendered":"<p>Ministrja e Shtetit p\u00ebr Marr\u00ebdh\u00ebniet me Parlamentin, Elisa Spiropali, vazhdoi me \u2018spiropalizmat\u2019 edhe n\u00eb sall\u00ebn e Kongresit t\u00eb PS. Ajo tha se qeveria pritet t\u00eb legalizoj\u00eb kanabisin, duke shtuar se luft\u00ebn me hashashin e kan\u00eb t\u00eb fituar. \u201cLuft\u00ebn kund\u00ebr kanabisit ne e kemi fituar dhe Shqip\u00ebria ka dal\u00eb nga harta e vendeve problematike n\u00eb k\u00ebt\u00eb [&hellip;]<\/p>\n","protected":false},"author":5,"featured_media":45303,"comment_status":"open","ping_status":"open","sticky":false,"template":"","format":"standard","meta":{"footnotes":""},"categories":[1,6326,6332],"tags":[],"class_list":{"0":"post-45302","1":"post","2":"type-post","3":"status-publish","4":"format-standard","5":"has-post-thumbnail","7":"category-aktualitet","8":"category-politike","9":"category-te-fundit"},"_links":{"self":[{"href":"https:\/\/jugulajm.net\/index.php?rest_route=\/wp\/v2\/posts\/45302","targetHints":{"allow":["GET"]}}],"collection":[{"href":"https:\/\/jugulajm.net\/index.php?rest_route=\/wp\/v2\/posts"}],"about":[{"href":"https:\/\/jugulajm.net\/index.php?rest_route=\/wp\/v2\/types\/post"}],"author":[{"embeddable":true,"href":"https:\/\/jugulajm.net\/index.php?rest_route=\/wp\/v2\/users\/5"}],"replies":[{"embeddable":true,"href":"https:\/\/jugulajm.net\/index.php?rest_route=%2Fwp%2Fv2%2Fcomments&post=45302"}],"version-history":[{"count":0,"href":"https:\/\/jugulajm.net\/index.php?rest_route=\/wp\/v2\/posts\/45302\/revisions"}],"wp:featuredmedia":[{"embeddable":true,"href":"https:\/\/jugulajm.net\/index.php?rest_route=\/wp\/v2\/media\/45303"}],"wp:attachment":[{"href":"https:\/\/jugulajm.net\/index.php?rest_route=%2Fwp%2Fv2%2Fmedia&parent=45302"}],"wp:term":[{"taxonomy":"category","embeddable":true,"href":"https:\/\/jugulajm.net\/index.php?rest_route=%2Fwp%2Fv2%2Fcategories&post=45302"},{"taxonomy":"post_tag","embeddable":true,"href":"https:\/\/jugulajm.net\/index.php?rest_route=%2Fwp%2Fv2%2Ftags&post=45302"}],"curies":[{"name":"wp","href":"https:\/\/api.w.org\/{rel}","templated":true}]}}