{"id":45260,"date":"2022-04-08T14:02:27","date_gmt":"2022-04-08T12:02:27","guid":{"rendered":"https:\/\/jugulajm.net\/?p=45260"},"modified":"2022-04-08T14:02:27","modified_gmt":"2022-04-08T12:02:27","slug":"proteste-kunder-diskriminimit-krahinor-aktori-memaliot-une-jam-malok","status":"publish","type":"post","link":"https:\/\/jugulajm.net\/?p=45260","title":{"rendered":"Protest\u00eb kund\u00ebr diskriminimit krahinor\/ Aktori memaliot: Un\u00eb jam malok"},"content":{"rendered":"<p>Nj\u00eb protest\u00eb e shoq\u00ebris\u00eb civile kund\u00ebr diskriminimit po mbahet n\u00eb ambientet e jashtme t\u00eb zyrave t\u00eb Komisionit t\u00eb Vetingut n\u00eb Tiran\u00eb, pasi nj\u00eb an\u00ebtare e KPK-s\u00eb e cil\u00ebsonte maloke kryeprokuroren Elisabeta Imeraj.<\/p>\n<p>Aktori i njohur mga Memaliaj, Mehdi Malkaj, i \u00ebsht\u00eb bashkuar protest\u00ebs kund\u00ebr diskriminimit krahinor, duke u shprehur se ka qen\u00eb gjithmon\u00eb politika ajo q\u00eb ka sjell\u00eb p\u00ebr\u00e7arjen mes shqiptar\u00ebve.<\/p>\n<p>Sipas tij \u00ebsht\u00eb e turpshme q\u00eb nj\u00eb zyrtare e lart\u00eb t\u00eb b\u00ebj nj\u00eb deklarat\u00eb t\u00eb till\u00eb.<\/p>\n<p><em>\u201cUn\u00eb jam malok por kam edhe miq malok k\u00ebtu. Miq t\u00eb dashur nj\u00ebriu nuk zgjedh dot, n\u00ebn\u00ebn, baban\u00eb, hall\u00ebn por nuk zgjedh dot edhe vendin e lindjes.\u00a0<\/em><em>\u00cbsht\u00eb e turpshme q\u00eb nj\u00eb zyrtare e lart\u00eb, se nuk q\u00ebndron problem, problemi \u00ebsht\u00eb se po b\u00ebhet nj\u00eb luft\u00eb e madhe, se k\u00ebta t\u00eb veriut qenkan ashtu, dhe t\u00eb jugut aristokrat\u00eb. Ku e gjet\u00ebm ne veridhe jug, e dua shum\u00eb Shkodr\u00ebn, Tropoj\u00ebn, Dibr\u00ebn, kam qen\u00eb kudo, kam dh\u00ebn\u00eb shfaqje, e dua shum\u00eb vendin tim, e sh\u00ebmtojn\u00eb njer\u00ebzit, kush e ka shpik k\u00ebt\u00eb veriun, politika e ndyr\u00eb vazhdon t\u00eb jet\u00eb e ul\u00ebt, k\u00ebmb\u00ebkryq n\u00eb mes t\u00eb Tiran\u00ebs.\u00a0<\/em><em>U dynd\u00ebn v\u00ebllez\u00ebrit kosovar nga halli i madh, \u00ebsht\u00eb turp t\u00eb thuash veri jug, un\u00eb jam nj\u00eb derr maloku.\u00a0<\/em><em>Fjala malok ka nj\u00eb fjal\u00eb shqip, turqisht, mal me ok\u00eb\u201d<\/em>\u2013 u shpreh Mehdi Malkaj.<\/p>\n","protected":false},"excerpt":{"rendered":"<p>Nj\u00eb protest\u00eb e shoq\u00ebris\u00eb civile kund\u00ebr diskriminimit po mbahet n\u00eb ambientet e jashtme t\u00eb zyrave t\u00eb Komisionit t\u00eb Vetingut n\u00eb Tiran\u00eb, pasi nj\u00eb an\u00ebtare e KPK-s\u00eb e cil\u00ebsonte maloke kryeprokuroren Elisabeta Imeraj. Aktori i njohur mga Memaliaj, Mehdi Malkaj, i \u00ebsht\u00eb bashkuar protest\u00ebs kund\u00ebr diskriminimit krahinor, duke u shprehur se ka qen\u00eb gjithmon\u00eb politika ajo [&hellip;]<\/p>\n","protected":false},"author":5,"featured_media":45261,"comment_status":"open","ping_status":"open","sticky":false,"template":"","format":"standard","meta":{"footnotes":""},"categories":[1,6332],"tags":[],"class_list":{"0":"post-45260","1":"post","2":"type-post","3":"status-publish","4":"format-standard","5":"has-post-thumbnail","7":"category-aktualitet","8":"category-te-fundit"},"_links":{"self":[{"href":"https:\/\/jugulajm.net\/index.php?rest_route=\/wp\/v2\/posts\/45260","targetHints":{"allow":["GET"]}}],"collection":[{"href":"https:\/\/jugulajm.net\/index.php?rest_route=\/wp\/v2\/posts"}],"about":[{"href":"https:\/\/jugulajm.net\/index.php?rest_route=\/wp\/v2\/types\/post"}],"author":[{"embeddable":true,"href":"https:\/\/jugulajm.net\/index.php?rest_route=\/wp\/v2\/users\/5"}],"replies":[{"embeddable":true,"href":"https:\/\/jugulajm.net\/index.php?rest_route=%2Fwp%2Fv2%2Fcomments&post=45260"}],"version-history":[{"count":0,"href":"https:\/\/jugulajm.net\/index.php?rest_route=\/wp\/v2\/posts\/45260\/revisions"}],"wp:featuredmedia":[{"embeddable":true,"href":"https:\/\/jugulajm.net\/index.php?rest_route=\/wp\/v2\/media\/45261"}],"wp:attachment":[{"href":"https:\/\/jugulajm.net\/index.php?rest_route=%2Fwp%2Fv2%2Fmedia&parent=45260"}],"wp:term":[{"taxonomy":"category","embeddable":true,"href":"https:\/\/jugulajm.net\/index.php?rest_route=%2Fwp%2Fv2%2Fcategories&post=45260"},{"taxonomy":"post_tag","embeddable":true,"href":"https:\/\/jugulajm.net\/index.php?rest_route=%2Fwp%2Fv2%2Ftags&post=45260"}],"curies":[{"name":"wp","href":"https:\/\/api.w.org\/{rel}","templated":true}]}}