{"id":45179,"date":"2022-04-05T13:59:26","date_gmt":"2022-04-05T11:59:26","guid":{"rendered":"https:\/\/jugulajm.net\/?p=45179"},"modified":"2022-04-05T13:59:26","modified_gmt":"2022-04-05T11:59:26","slug":"takimi-kim-alibeaj-reagon-shehu-te-mos-merremi-me-lajme-dytesore","status":"publish","type":"post","link":"https:\/\/jugulajm.net\/?p=45179","title":{"rendered":"Takimi Kim-Alibeaj\/ Reagon Shehu: T\u00eb mos merremi me lajme dyt\u00ebsore"},"content":{"rendered":"<p>Deputeti demokrat i Qarkut Gjirokaster, Prof. Dr. Tritan Shehu, \u00ebsht\u00eb pyetur n\u00eb lidhje me deklarat\u00ebn e ambasadores Yuri Kim, pas takimit me Enkelejd Alibeajn, ku thoshte se kishte takuar ushtruesin e detyr\u00ebs s\u00eb kryetarit t\u00eb PD-s\u00eb.<\/p>\n<p>Duke dh\u00ebn\u00eb nj\u00eb deklarat\u00eb p\u00ebr mediat nga Kryesia e Kuvendit Shehu tha se gjat\u00eb dit\u00ebs s\u00eb sotme nuk do t\u00eb donte t\u00eb ndalej n\u00eb gj\u00ebrat sekondare, duke refuzuar t\u00eb jap\u00eb nj\u00eb p\u00ebrgjigje p\u00ebr k\u00ebt\u00eb \u00e7\u00ebshtje.<\/p>\n<p>Shehu tha se fokusi \u00ebsht\u00eb te situate n\u00eb Ukrain\u00eb duke rip\u00ebrs\u00ebritur thirrjen e tij q\u00eb Kuvendi t\u00eb miratoj\u00eb nj\u00eb rezolut\u00eb q\u00eb d\u00ebnon krimet e luft\u00ebs n\u00eb Ukrain\u00eb.<\/p>\n<p><em>\u2018Shiko un\u00eb sot kam ardhur q\u00eb t\u00eb diskutoj p\u00ebr k\u00ebt\u00eb \u00e7\u00ebshtje, dhe t\u00eb mos p\u00ebrhapem n\u00eb lajme sekondare. Ka vend p\u00ebr diskutime kjo \u00e7\u00ebshtje tjet\u00ebr q\u00eb ju m\u00eb pyet\u00ebt.<\/em><\/p>\n<p><em>Par\u00ebsore \u00ebsht\u00eb rreshtimi i Shqip\u00ebris\u00eb n\u00eb krah t\u00eb aleat\u00ebve, p\u00ebr t\u00eb d\u00ebnuar me rezolut\u00eb at\u00eb q\u00eb \u00ebsht\u00eb duke ndodhur n\u00eb Ukrain\u00eb\u2019,<\/em>\u00a0u shpreh Shehu.<\/p>\n","protected":false},"excerpt":{"rendered":"<p>Deputeti demokrat i Qarkut Gjirokaster, Prof. Dr. Tritan Shehu, \u00ebsht\u00eb pyetur n\u00eb lidhje me deklarat\u00ebn e ambasadores Yuri Kim, pas takimit me Enkelejd Alibeajn, ku thoshte se kishte takuar ushtruesin e detyr\u00ebs s\u00eb kryetarit t\u00eb PD-s\u00eb. Duke dh\u00ebn\u00eb nj\u00eb deklarat\u00eb p\u00ebr mediat nga Kryesia e Kuvendit Shehu tha se gjat\u00eb dit\u00ebs s\u00eb sotme nuk do [&hellip;]<\/p>\n","protected":false},"author":5,"featured_media":45180,"comment_status":"open","ping_status":"open","sticky":false,"template":"","format":"standard","meta":{"footnotes":""},"categories":[6326,6332],"tags":[],"class_list":{"0":"post-45179","1":"post","2":"type-post","3":"status-publish","4":"format-standard","5":"has-post-thumbnail","7":"category-politike","8":"category-te-fundit"},"_links":{"self":[{"href":"https:\/\/jugulajm.net\/index.php?rest_route=\/wp\/v2\/posts\/45179","targetHints":{"allow":["GET"]}}],"collection":[{"href":"https:\/\/jugulajm.net\/index.php?rest_route=\/wp\/v2\/posts"}],"about":[{"href":"https:\/\/jugulajm.net\/index.php?rest_route=\/wp\/v2\/types\/post"}],"author":[{"embeddable":true,"href":"https:\/\/jugulajm.net\/index.php?rest_route=\/wp\/v2\/users\/5"}],"replies":[{"embeddable":true,"href":"https:\/\/jugulajm.net\/index.php?rest_route=%2Fwp%2Fv2%2Fcomments&post=45179"}],"version-history":[{"count":0,"href":"https:\/\/jugulajm.net\/index.php?rest_route=\/wp\/v2\/posts\/45179\/revisions"}],"wp:featuredmedia":[{"embeddable":true,"href":"https:\/\/jugulajm.net\/index.php?rest_route=\/wp\/v2\/media\/45180"}],"wp:attachment":[{"href":"https:\/\/jugulajm.net\/index.php?rest_route=%2Fwp%2Fv2%2Fmedia&parent=45179"}],"wp:term":[{"taxonomy":"category","embeddable":true,"href":"https:\/\/jugulajm.net\/index.php?rest_route=%2Fwp%2Fv2%2Fcategories&post=45179"},{"taxonomy":"post_tag","embeddable":true,"href":"https:\/\/jugulajm.net\/index.php?rest_route=%2Fwp%2Fv2%2Ftags&post=45179"}],"curies":[{"name":"wp","href":"https:\/\/api.w.org\/{rel}","templated":true}]}}