{"id":45137,"date":"2022-04-04T11:42:15","date_gmt":"2022-04-04T09:42:15","guid":{"rendered":"https:\/\/jugulajm.net\/?p=45137"},"modified":"2022-04-04T11:42:15","modified_gmt":"2022-04-04T09:42:15","slug":"shehu-kuvendi-i-shqiperise-pjese-e-territ-informativ","status":"publish","type":"post","link":"https:\/\/jugulajm.net\/?p=45137","title":{"rendered":"Shehu: Kuvendi i Shqip\u00ebris\u00eb, pjes\u00eb e &#8216;territ&#8217; informativ"},"content":{"rendered":"<p><strong>Nga Prof. Dr. Tritan Shehu<\/strong><\/p>\n<p>Kuvendi i Shqiperis\u00eb, pjes\u00eb e \u2018territ\u2019 informativ, q\u00eb Rusia k\u00ebrkon t\u00eb krijoj\u00eb ndaj agresionit. Strategjia informative e Rusis\u00eb \u00ebsht\u00eb q\u00eb lajmet p\u00ebr Ukrain\u00ebn t\u00eb kalojn\u00eb gradualisht nga \u2018faqja e par\u00eb n\u00eb t\u00eb dyt\u00ebn, t\u00eb tret\u00ebn\u2026\u2019 deri sa ai agresion i tipit nazi-fashist t\u00eb mund t\u00eb vazhdoj\u00eb i mjegulluar!<\/p>\n<p>K\u00ebsaj taktike po i kund\u00ebrvihet e gjith\u00eb bota demokratike. Duke filluar kjo nga deklaratat e admirueshme t\u00eb Presidentit Biden, t\u00eb lider\u00ebve t\u00eb tjer\u00eb bot\u00ebror\u00eb. T\u00eb debateve t\u00eb vazhdueshme n\u00eb parlamentet e mediat demokratike kudo n\u00eb Bot\u00eb.<\/p>\n<p>Vet\u00ebm n\u00eb Shqip\u00ebri heshtet\u2026n\u00eb fakt m\u00eb keq!<\/p>\n<p>Maxhoranca parlamentare, por dhe me ndonj\u00eb komplisitet m\u00eb t\u00eb gjer\u00eb, ka vendosur Parlamentin n\u00ebn censur\u00eb\u2026duke reflektur kjo edhe mbi ambientet mediatike.<\/p>\n<p>Asnj\u00eb fjal\u00eb nuk lejohet n\u00eb seanc\u00eb plenare p\u00ebr \u00e7fare po ndodh n\u00eb Ukrain\u00eb, krimet monstruoze q\u00eb po kryhen atje.<\/p>\n<p>\u00c7do gj\u00eb k\u00ebr\u00ebkohet t\u00eb konsiderohet e mbyllur me miratimin e asaj Rezolute gjysmake t\u00eb paraqitur nga ajo maxhoranc\u00eb, asgj\u00eb m\u00eb shum\u00eb!!<\/p>\n<p>Ve\u00e7an\u00ebrisht nuk lejohet t\u00eb diskutohet, debatohet e konkludohet p\u00ebr pasojat e rrezikeshme t\u00eb atij agresioni n\u00eb Rajonin ton\u00eb.<\/p>\n<p>P\u00ebr problemet e rreziqet q\u00eb na sjell roli i Serbis\u00eb n\u00eb k\u00ebt\u00eb kontekst, si i vetmi vend n\u00eb Europ\u00eb (pervec Bjellorusise), t\u00eb kthyer n\u00eb nj\u00eb \u2018kordon umbilikal\u2019 p\u00ebr Rusin\u00eb.<\/p>\n<p>Prandaj nuk u votua ne Konferencen e Kryetareve qe te vendoset n\u00eb rend t\u00eb dit\u00ebs Mocioni me rezolute i yni p\u00ebr k\u00ebt\u00eb \u00e7\u00ebshtje, duke u mb\u00ebshtetur aty vet\u00ebm nga Z. Mediu!<\/p>\n<p>U urdh\u00ebruan m\u00eb tej dhe deputetet e maxhoranc\u00ebs n\u00ebp\u00ebrmjet Kryetares s\u00eb Komisionit t\u00eb Jasht\u00ebm, q\u00eb t\u00eb votonin kund\u00ebr hapjes s\u00eb atij debati n\u00eb plenare!<\/p>\n<p>Frik\u00eb e madhe e maxhoranc\u00ebs nga nj\u00eb debat i till\u00eb, aq sa k\u00ebshtu n\u00eb kund\u00ebrshtim t\u00eb plot\u00eb edhe me Regulloren u censurua ai diskutim n\u00eb seanc\u00eb.<\/p>\n<p>N\u00eb nj\u00eb koh\u00eb q\u00eb dhe vet\u00eb Komisioni i Jasht\u00ebm \u00ebsht\u00eb i paralizuar, duke diskutuar vet\u00ebm ndonj\u00eb marr\u00ebveshje p\u00ebr \u2018krimbat e detit\u2019, pa krjuar asnj\u00eb mund\u00ebsi diskutimesh t\u00eb v\u00ebrteta politike aty.<\/p>\n<p>Po k\u00ebshtu nj\u00eb tjet\u00ebr Rezolut\u00eb p\u00ebr Kosov\u00ebn, q\u00eb mori \u2018drit\u00ebn jeshile\u2019 nga ajo konferenc\u00eb, m\u00eb tej u zhduk nga rendi i dit\u00ebs n\u00eb m\u00ebnyre misteroze; si p\u00ebr \u00e7udi edhe autor\u00ebt e saj po heshtin p\u00ebr k\u00ebt\u00eb!<\/p>\n<p>Pra qartesisht k\u00ebtu kemi t\u00eb b\u00ebjm\u00eb me nj\u00eb strategji t\u00eb mazhoranc\u00ebs p\u00ebr t\u00eb evituar \u00e7do diskutim n\u00eb Kuvend dhe n\u00eb Komisionin e Jasht\u00ebm mbi agresionin rus n\u00eb Ukrain\u00eb, rreziqet e m\u00ebdha t\u00eb tij p\u00ebr paqen e demokracin\u00eb n\u00eb t\u00ebr\u00ebsi, p\u00ebr Rajonin ton\u00eb e Kosov\u00ebn n\u00eb ve\u00e7anti.<\/p>\n<p>Strategji kjo qe bie ndesh me interesat tona si vend si komb e si Rajon, hap\u00ebsira ku ne duhet e mund t\u00eb kemi nj\u00eb rol aktiv.<\/p>\n<p>Strategji kjo q\u00eb fatkeq\u00ebsisht bie ndesh dhe me strategjin\u00eb e Bot\u00ebs demokratike e interesat e paqes e stabilitetit n\u00eb t\u00ebr\u00ebsi.<\/p>\n<p>Strategji kjo q\u00eb \u00e7uditsh\u00ebm sinkronizon me at\u00eb t\u00eb agresorit rus, por dhe t\u00eb Serbis\u00eb, e cila s\u00eb fundmi po i shton fort \u2018dozat\u2019 e saj n\u00eb mb\u00ebshtetje t\u00eb Rusis\u00eb.<\/p>\n","protected":false},"excerpt":{"rendered":"<p>Nga Prof. Dr. Tritan Shehu Kuvendi i Shqiperis\u00eb, pjes\u00eb e \u2018territ\u2019 informativ, q\u00eb Rusia k\u00ebrkon t\u00eb krijoj\u00eb ndaj agresionit. Strategjia informative e Rusis\u00eb \u00ebsht\u00eb q\u00eb lajmet p\u00ebr Ukrain\u00ebn t\u00eb kalojn\u00eb gradualisht nga \u2018faqja e par\u00eb n\u00eb t\u00eb dyt\u00ebn, t\u00eb tret\u00ebn\u2026\u2019 deri sa ai agresion i tipit nazi-fashist t\u00eb mund t\u00eb vazhdoj\u00eb i mjegulluar! K\u00ebsaj taktike [&hellip;]<\/p>\n","protected":false},"author":5,"featured_media":24250,"comment_status":"open","ping_status":"open","sticky":false,"template":"","format":"standard","meta":{"footnotes":""},"categories":[6326,6332],"tags":[],"class_list":{"0":"post-45137","1":"post","2":"type-post","3":"status-publish","4":"format-standard","5":"has-post-thumbnail","7":"category-politike","8":"category-te-fundit"},"_links":{"self":[{"href":"https:\/\/jugulajm.net\/index.php?rest_route=\/wp\/v2\/posts\/45137","targetHints":{"allow":["GET"]}}],"collection":[{"href":"https:\/\/jugulajm.net\/index.php?rest_route=\/wp\/v2\/posts"}],"about":[{"href":"https:\/\/jugulajm.net\/index.php?rest_route=\/wp\/v2\/types\/post"}],"author":[{"embeddable":true,"href":"https:\/\/jugulajm.net\/index.php?rest_route=\/wp\/v2\/users\/5"}],"replies":[{"embeddable":true,"href":"https:\/\/jugulajm.net\/index.php?rest_route=%2Fwp%2Fv2%2Fcomments&post=45137"}],"version-history":[{"count":0,"href":"https:\/\/jugulajm.net\/index.php?rest_route=\/wp\/v2\/posts\/45137\/revisions"}],"wp:featuredmedia":[{"embeddable":true,"href":"https:\/\/jugulajm.net\/index.php?rest_route=\/"}],"wp:attachment":[{"href":"https:\/\/jugulajm.net\/index.php?rest_route=%2Fwp%2Fv2%2Fmedia&parent=45137"}],"wp:term":[{"taxonomy":"category","embeddable":true,"href":"https:\/\/jugulajm.net\/index.php?rest_route=%2Fwp%2Fv2%2Fcategories&post=45137"},{"taxonomy":"post_tag","embeddable":true,"href":"https:\/\/jugulajm.net\/index.php?rest_route=%2Fwp%2Fv2%2Ftags&post=45137"}],"curies":[{"name":"wp","href":"https:\/\/api.w.org\/{rel}","templated":true}]}}