{"id":45087,"date":"2022-04-02T11:55:43","date_gmt":"2022-04-02T09:55:43","guid":{"rendered":"https:\/\/jugulajm.net\/?p=45087"},"modified":"2022-04-02T11:59:45","modified_gmt":"2022-04-02T09:59:45","slug":"foto-sot-60-vjetori-i-estrades-profesioniste-te-sarandes-kujtimi-i-nje-trupe-qe-mungon","status":"publish","type":"post","link":"https:\/\/jugulajm.net\/?p=45087","title":{"rendered":"FOTO\/ Sot 60-vjetori i Estrad\u00ebs Profesioniste t\u00eb Sarand\u00ebs, kujtimi i nj\u00eb trupe q\u00eb mungon"},"content":{"rendered":"<p><strong>Nga Vangjel Agora &#8211; <\/strong>Aktor, regjisor\/ Sarand\u00eb<\/p>\n<p>\u00c7do trup\u00eb teatrale profesioniste ka historikun e vet t\u00eb krijimit. Dhe kur themi historikun, nuk kuptojm\u00eb vet\u00ebm rrug\u00ebn n\u00eb t\u00eb cil\u00ebn i \u00ebsht\u00eb dashur t\u00eb kaloj\u00eb\u00a0 trupa e Estrad\u00ebs s\u00eb Sarand\u00ebs, por edhe v\u00ebshtir\u00ebsit\u00eb q\u00eb i kan\u00eb dal\u00eb dhe problemeve q\u00eb shtronte koha n\u00ebp\u00ebrmjet tematik\u00ebs s\u00eb trajtuar. Sepse Estrada si gjini e manovrueshme, q\u00eb i p\u00ebrgjigjej situat\u00ebs flak\u00eb p\u00ebr flak\u00eb, b\u00ebnte t\u00eb mundur q\u00eb n\u00eb fokusin e saj t\u00eb vendoste problemet aktuale t\u00eb shoq\u00ebris\u00eb e t\u00eb politik\u00ebs, qofshin ato lokale apo komb\u00ebtare.<\/p>\n<div class=\"wp-block-columns\">\n<div class=\"wp-block-column\">Estrada Profesioniste e Sarand\u00ebs n\u00eb dat\u00ebn 2 prill 2022 p\u00ebrkujton 60 vjetorin e krijimit t\u00eb saj n\u00eb 2 prill t\u00eb vitit 1962. Ky krijim erdhi si rezultat i nj\u00eb l\u00ebvizjeje teatrale amatore t\u00eb zgjeruar n\u00eb qytet, qysh prej viti 1926 me nism\u00ebtarin Ne\u00e7o Muka, artist me dhunti t\u00eb rralla n\u00eb disa gjini arti. Ku pas \u00e7lirimit t\u00eb vendit n\u00eb qytetin ton\u00eb u vu re nj\u00eb shtim i grupeve amatore, n\u00eb spikatjen grupi amator i Sht\u00ebpis\u00eb s\u00eb Kultur\u00ebs nga i cili u vun\u00eb n\u00eb sken\u00eb disa pjes\u00eb dramatike t\u00eb koh\u00ebs si dhe premiera t\u00eb tipit t\u00eb varietes\u00eb me ske\u00e7e e materiale t\u00eb shkurtra humoristike.<\/div>\n<\/div>\n<p>Kjo l\u00ebvizje solli n\u00eb m\u00ebnyr\u00eb t\u00eb natyrshme lindjen dhe krijimin e trup\u00ebs s\u00eb estrad\u00ebs profesioniste m\u00eb 2 prill 1962, me premier\u00ebn e saj t\u00eb par\u00eb \u201dN\u00ebp\u00ebr Sarand\u00eb \u201cm\u00eb nj\u00eb material letrar e muzikor q\u00eb afirmonte realitetin pozitiv t\u00eb koh\u00ebs, si dhe kritikonte tipat dhe dukurit negative q\u00eb vihesh re.<\/p>\n<div class=\"wp-block-columns\">\n<div class=\"wp-block-column\">Nd\u00ebr aktor\u00ebt dhe muzikant\u00ebt themelues q\u00eb u p\u00ebrzgjodh\u00ebn nga element\u00ebt e talentuar t\u00eb l\u00ebvizjes teatrore ishin: Ko\u00e7i Vasi, Illo Martiko, Ki\u00e7o Kapedani, Jorgo Nano, Bedrie Tahiraj, Xhemile Sheme, Liri Sejdo, Tuli Bajrami, Thoma Xhupa. Drejtues muzike Theofan Nako, Regjisor Dhimitraq Lepuri. N\u00eb vitin 1964 filloi pun\u00eb si regjisor i ardhur mbas mbarimit t\u00eb Akademis\u00eb s\u00eb Arteve dega e dram\u00ebs Thoma Milaj i cili vuri premier\u00ebn e par\u00eb t\u00eb tij \u201cE kemi fjal\u00eb ne \u201cdhe m\u00eb pas realizon disa shfaqe t\u00eb suksesshme q\u00eb t\u00ebrhoq\u00ebn v\u00ebmendjen e spektator\u00ebve p\u00ebr humorin e spikatur dhe profesionalizmin n\u00eb konceptimin dhe nd\u00ebrtimin e tyre si \u201cParada e Xhevaireve\u201d e \u201cPakot Fluturuese\u201d.<\/div>\n<\/div>\n<div class=\"wp-block-columns\">\n<div class=\"wp-block-column\"><\/div>\n<\/div>\n<p>Me ardhjen e aktor\u00ebve t\u00eb talentuar si Theofil e Violeta Haxhijani, Polikseni Hajdho, Lek Mosi, Haki Spaho, Teli Duka, Gastere Shkurti dhe muzikantet Thoma Gjoni e Adem Daci, k\u00ebng\u00ebtar\u00ebt Fani Kumbuli, Lafter Agora, P\u00ebllumb Zotaj, Gani Doko, G\u00ebzim Me\u00e7ani, p\u00ebrpos nj\u00eb materiali interesant p\u00ebr koh\u00ebn, me gjetje t\u00eb mprehta humoristike u vu re p\u00ebrdorimi i gjer\u00eb i llojit t\u00eb parodis\u00eb, kupletit e ske\u00e7it t\u00eb muzikuar, nj\u00eb prirje kjo e theksuar e regjisorit Milaj po thuajse n\u00eb \u00e7do premier\u00eb, e cila n\u00eb vitet q\u00eb pasuan u b\u00eb lajtmotivi i tij krijues q\u00eb s\u00eb bashku me komedit\u00eb muzikore e orientuan gjithnj\u00eb e m\u00eb shum\u00eb trup\u00ebn e estrad\u00ebs drejt pranis\u00eb s\u00eb madhe t\u00eb llojeve humoristike q\u00eb g\u00ebrshetonin n\u00eb m\u00ebnyr\u00eb t\u00eb harmonishme materialin letrar me at\u00eb\u00a0 muzikor, \u00e7ka ndikoi duksh\u00ebm n\u00eb profilin e saj t\u00eb ve\u00e7ant\u00eb dhe origjinal n\u00eb rang komb\u00ebtar\u00eb.<\/p>\n<div class=\"wp-block-columns\">\n<div class=\"wp-block-column\">Nd\u00ebr premierat m\u00eb t\u00eb suksesshme t\u00eb realizuara nga estrada ne\u00a0 vitet 65,75, kan\u00eb qen\u00eb: \u201cPosta Ekspres\u201d, \u201cUrimet\u201d \u201cUrdh\u00ebroni n\u00eb anijen ton\u00eb\u201d \u201cN\u00eb shkall\u00ebt e Sarand\u00ebs\u201d \u201cBuqeta\u201d \u201cU themi Ndal\u00eb tjera. N\u00eb vitet 80, tipari dallues i estrad\u00ebs ka qen\u00eb v\u00ebnia n\u00eb sken\u00eb e disa komedive muzikore si \u201cDit\u00eb plot diell\u201d, \u201cMe plot d\u00ebshir\u00eb\u201d,\u201d Alarm n\u00eb post\u00ebkomand\u00eb\u201d e \u201cFlok\u00eb d\u00ebbore n\u00eb prill \u201cq\u00eb lan\u00eb mbresa te spektatori i koh\u00ebs duke u b\u00ebr\u00eb shembull edhe p\u00ebr trupat e tjera p\u00ebr freskin\u00eb, bukurin\u00eb e cil\u00ebsin\u00eb me pjes\u00ebmarrjen e shum\u00eb personazheve, k\u00ebng\u00ebtar\u00eb, korit, orkestr\u00ebs, shumica amator\u00eb, me muzik\u00eb t\u00eb kompozuar enkas p\u00ebr to n\u00eb var\u00ebsin\u00eb e vokalit q\u00eb dispononte trupa.<\/div>\n<\/div>\n<p>Duke ruajtur natyr\u00ebn e saj n\u00eb vitet q\u00eb pasuan trupa jon\u00eb spikati p\u00ebr nj\u00eb s\u00ebr\u00eb premierash t\u00eb tipit variete, ku elementi muzikor n\u00eb interpretimin e materialeve humoristike mbetej nga m\u00eb t\u00eb parap\u00eblqyerat, duke u b\u00ebr\u00eb pjes\u00eb e natyrshme e shfaqjeve. Parodit\u00eb, kupletet dhe ske\u00e7et e muzikuara ishin prezent ne \u00e7do shfaqe sa q\u00eb nuk mund t\u00eb konceptohej nga publiku mungesa e tyre.<\/p>\n<p>Ardhja e aktor\u00ebve dhe instrumentist\u00ebve q\u00eb mbaruan Akademin\u00eb e Arteve n\u00eb vitet 80 dhe n\u00eb vazhdim si Josif Papagjoni, Vangjel Agora, Karafil Shena, Kalie Gugu, Luiza Xhuvani, Zef Mosi, Kostaq Nika, Teuta Ga\u00e7i, instrumentist\u00ebt Pajtim Hodri, Tomi Stefanidhi, Andrea Rafti, Bexhet Shena, Bektash Mamu\u00e7i, Namik Xhaferi, Dhimo Jani, k\u00ebng\u00ebtar\u00ebt Irini Qirjako e Telemak Papapano si dhe aktor\u00eb e k\u00ebng\u00ebtar\u00ebt amator t\u00eb apasionuar e t\u00eb talentuar si Liri Tare, Katerina Zoto, Lida Kalivopulli, Adelina Sk\u00ebndaj, Dhimit\u00ebr Dhrami i dhan\u00eb freskin\u00eb trup\u00ebs dhe rrit\u00ebn nivelin artistik te saj, duke kontribuar n\u00eb profilin e plot muzikor n\u00eb p\u00ebrballimin e nj\u00eb ngarkese voluminoze muzikore n\u00eb realizimin e premierave t\u00eb estrad\u00ebs dhe aktiviteteve t\u00eb shumta t\u00eb organizuara nga Sht\u00ebpia e Kultur\u00ebs.<\/p>\n<div class=\"wp-block-columns\">\n<div class=\"wp-block-column\">Nj\u00eb kontribut t\u00eb r\u00ebnd\u00ebsish\u00ebm krahas regjisorit Milaj ka dh\u00ebn\u00eb dhe drejtuesi i orkestr\u00ebs, kompozitori Thoma Gjoni duke krijuar dhe p\u00ebrballuar nj\u00eb volum t\u00eb madh pune me k\u00ebng\u00ebtar\u00ebt dhe orkestr\u00ebn. Po n\u00eb ato vite spikati dhe humoristi e libretisti Enver Isufi me vargjet humoristike t\u00eb kupleteve, parodive, ske\u00e7eve t\u00eb muzikuara dhe komedive muzikore. N\u00eb repertorin e materialeve letrare kontribut kan\u00eb dh\u00ebne dhe krijuesit e qytetit ton\u00eb si Piro Mosi, Josif Papagjoni, Arben Iljazi, Zaho Vasili, Vangjel Agora, Haki Spaho, A.Nika. P\u00ebrve\u00e7 k\u00ebtyre materiali letrar dhe muzikor sigurohej edhe nga krijues m\u00eb n\u00eb z\u00eb t\u00eb vendit si P.Kulla, K. Shehu, F.Laro, K.Devole,\u00a0 A.Prodani, L.Disdari, M.Leka t\u00eb cil\u00ebt me shum\u00eb k\u00ebnaq\u00ebsi ofronin krijimet e tyre p\u00ebr trup\u00ebn.<\/div>\n<\/div>\n<div class=\"wp-block-columns\">\n<div class=\"wp-block-column\"><\/div>\n<\/div>\n<p>Dekori i premierave si nj\u00eb komponent i r\u00ebnd\u00ebsish\u00ebm i shfaqjes \u00ebsht\u00eb realizuar fillimisht nga piktor\u00ebt Stiljan Buzi, Vasil Ka\u00e7i e Vangjel Gjini dhe n\u00eb pjes\u00ebn m\u00eb t\u00eb madhe dhe m\u00eb t\u00eb suksesshme nga skenografi Lefter \u00c7eko q\u00eb me gjetjet, detajet dhe trajtimin profesional e vendosi k\u00ebt\u00eb komponent t\u00eb r\u00ebnd\u00ebsish\u00ebm t\u00eb shfaqjes n\u00eb baza profesionale. N\u00eb vitet 90 trupa jon\u00eb e estrad\u00ebs mori pjes\u00eb n\u00eb t\u00eb gjitha takimet komb\u00ebtare e regjistrimet televizive t\u00eb koh\u00ebs duke u prezantuar denj\u00ebsisht. Ajo \u00ebsht\u00eb fituese e takimit komb\u00ebtar t\u00eb Estradave t\u00eb zhvilluara n\u00eb viti 1977 me komedin\u00eb muzikore \u201dMe plot D\u00ebshir\u00eb\u201d. P\u00ebr kontributin dhe vlerat e saj artistike \u00ebsht\u00eb vler\u00ebsuat me titullin \u201cNaim Frash\u00ebri\u201d t\u00eb klasit t\u00eb 2. Pas viteve 90 si rrjedhim i ndryshimit t\u00eb sistemit e kufizimeve financiare, reduktimit t\u00eb personelit dhe v\u00ebshtir\u00ebsive t\u00eb njohura t\u00eb tranzicionit, ashtu si t\u00eb gjitha trupat e tjera t\u00eb vendit, trupa jon\u00eb e humbi gjall\u00ebrin\u00eb, duke u zvog\u00ebluar n\u00eb m\u00ebnyr\u00eb t\u00eb ndjeshme.<\/p>\n<div class=\"wp-block-columns\">\n<div class=\"wp-block-column\">Disa nga aktor\u00ebt kryesor\u00eb, k\u00ebng\u00ebtar\u00eb e muzikant u larguan n\u00eb emigracion jasht\u00eb vendit, Por pavar\u00ebsisht nga largimet dhe v\u00ebshtir\u00ebsit\u00eb e ndryshme, formacioni artistik i mbetur brenda Qendr\u00ebs Kulturore n\u00ebn drejtimin e regjisorit Vangjel Agora arriti \u00a0t\u00eb mbijetoj\u00eb e t\u00eb justifikoj\u00eb veten duke sjell\u00eb para artdash\u00ebsve \u00e7do vit deri n\u00eb vitin 2012 dy premiera estrade dhe aktivitete t\u00eb ndryshme artistike kulturore\u00a0 me raste festash dhe ngjarjesh. Gjat\u00eb atyre viteve u vun\u00eb n\u00eb sken\u00eb nj\u00eb num\u00ebr i konsideruesh\u00ebm premierash\u00a0 ku ve\u00e7ohen: \u201cDashuria mes humorit dhe pentagramit\u201d, \u201cKjo pun\u00eb k\u00ebshtu e ka..o fiton e ha..\u201d, \u201dZaret u hodh\u00ebn\u201d, Vjehrra pak\u00ebs me barr\u00eb\u201d, \u201cNj\u00eb v\u00ebr\u00eb n\u00eb uj\u00eb\u201d,\u201d Shakaja gjysma e s\u00eb v\u00ebrtet\u00ebs\u201d,\u201d Qylaf labi mban gaztori\u201d, \u201d\u00cbnd\u00ebrr apo Zhgj\u00ebnd\u00ebrr\u201d premiera televizive \u201cHumor n\u00ebp\u00ebr Sarand\u00eb 1,2\u201d e tjer.<\/div>\n<\/div>\n<p>N\u00eb t\u00eb gjitha k\u00ebto premiera kan\u00eb spikatur aktor\u00ebt Haki Spaho,Pranvera Brinja, Flamur Oru\u00e7i, Valentina Bo\u00e7i, Ilir Nikolla, Neim Avdia, G\u00ebzim Mu\u00e7o. Instrumentist\u00ebt A. Halili, Z. Brinja, M. Papagjoni, B. Mamu\u00e7i, E. \u00c7e\u00e7i, Pandi dhe Fredi Camandioti, k\u00ebng\u00ebtar\u00ebt Perlat Merko, Orest Kovi, Bianka Vasku, Lida Jaupi, Dashamir Xhemali, Sara Duro,Kristina Barzuka,Loreta Mato, Vanesa Sono e tjer, n\u00ebn drejtimin e drejtuesit t\u00eb orkestr\u00ebs Bexhet Shena. Gjat\u00eb gjith\u00eb atyre viteve n\u00eb premierat e estrad\u00ebs ka zen vend problematika e koh\u00ebs, humori fin, k\u00ebnga popullore e ajo moderne.<\/p>\n<p>Jan\u00eb aplikuar forma t\u00eb reja t\u00eb aktrimit me nj\u00eb humor e qasje satirike dhe prani dometh\u00ebn\u00ebse t\u00eb konvencioneve skenike. Premierat jan\u00eb karakterizuar nga nj\u00eb koncept me sens realist, p\u00ebrkujdesje p\u00ebr v\u00ebrtet\u00ebsin\u00eb dhe natyrshm\u00ebrin\u00eb si dhe nj\u00eb ngulmim i vazhduesh\u00ebm p\u00ebr rritjen e nivelit artistik t\u00eb aktor\u00ebve dhe t\u00eb muzikant\u00ebve.<\/p>\n<div class=\"wp-block-columns\">\n<div class=\"wp-block-column\">N\u00eb k\u00ebt\u00eb 60 vjetor \u00ebsht\u00eb momenti t\u00eb kujtojm\u00eb duke shprehur respektin dhe mir\u00ebnjohjen p\u00ebr sakrificat e kontributin e tyre artistik t\u00eb gjith\u00eb ata artist\u00eb q\u00eb n\u00eb vite jan\u00eb ndar\u00eb nga jeta si: Thoma Milaj, Taqo Lepuri, Fehmi Qelepiri, Myfit Braja Jorgo Nano, Ko\u00e7i Vasi, Ki\u00e7o Kapedani, Mazar Tahiri, Illo Martiko, Polikseni Hajdhi, Tuli Bajrami, Thoma Xhupa, Illo Papadhima, Lefter Duka, Apostol Lula, Gastere Shkurti, G\u00ebzim Me\u00e7ani, Gani Doko, Adem Daci, Aristidh Gjiksana, Haki Spaho. Estrada\u00a0 jon\u00eb sot nuk ekziston m\u00eb.<\/div>\n<\/div>\n<div class=\"wp-block-columns\">\n<div class=\"wp-block-column\"><\/div>\n<\/div>\n<p>E braktisur ashtu si shum\u00eb trupa t\u00eb tjera. Kujton..flet.. dhe nj\u00eb lot t\u00eb rrjedh nga syt\u00eb\u2026 P\u00ebr dhimbjen q\u00eb t\u00eb shkakton kjo gjendje. \u201cNa ishte nj\u00eb her\u00eb\u2026por s\u2019\u00ebsht\u00eb m\u00eb\u2026estrada e bukur e Sarand\u00ebs\u201d Po sot ? A mund t\u00eb ri ngrihet ,a mund ta shohim s\u00ebrish trup\u00ebn e estrad\u00ebs? Sigurisht, do t\u00eb ishte nj\u00eb d\u00ebshir\u00eb , por sot p\u00ebr sot, me sa duket, qenka n\u00eb kufijt\u00eb e t\u00eb pa mundur\u00ebs. Por fundja mbetet nj\u00eb kujtim i bukur dhe s\u00eb bashku me at\u00eb kujtim ngjizet edhe nj\u00eb shpres\u00eb. Shpresa se ai teat\u00ebr, mund t\u00eb ri ngrihet nj\u00eb dit\u00eb.<\/p>\n<div class=\"wp-block-columns\">\n<div class=\"wp-block-column\">Doemos me nj\u00eb profil strukturor e filozofi funksionimi t\u00eb rinovuar. Por p\u00ebrher\u00eb me misionin e pa negociush\u00ebm t\u00eb rrezatimit t\u00eb artit t\u00eb bukur, q\u00eb fal pa kushte buz\u00ebqeshjen dhe dashurin\u00eb njer\u00ebzore. \u00cbsht\u00eb \u00e7\u00ebshtje kohe. Tregu p\u00ebr k\u00ebt\u00eb art do t\u00eb gjendet. Ai do vij\u00eb duke u zgjeruar edhe n\u00eb nj\u00eb m\u00ebnyr\u00eb edhe m\u00eb bashk\u00ebkohore.\u00a0 V\u00ebshtir\u00ebsit\u00eb ekonomike nj\u00eb dit\u00eb do t\u00eb marrin fund. Publiku nuk do ti mungoj\u00eb kurr\u00eb estrad\u00ebs. Njeriu qan shum\u00eb, por edhe qesh shum\u00eb. Sepse e qeshura \u00ebsht\u00eb sh\u00ebndet.<\/div>\n<\/div>\n<p>\u00cbsht\u00eb jeta, \u00cbsht\u00eb sfida ndaj t\u00eb keqes.<\/p>\n<figure class=\"wp-block-gallery columns-2 is-cropped\">\n<figure><img loading=\"lazy\" loading=\"lazy\" decoding=\"async\" class=\"wp-image-63745\" src=\"https:\/\/sarandaweb.net\/app\/uploads\/2022\/03\/40.Viti-1974.d58-1024x712.jpg\" sizes=\"auto, (max-width: 1024px) 100vw, 1024px\" srcset=\"https:\/\/sarandaweb.net\/app\/uploads\/2022\/03\/40.Viti-1974.d58-1024x712.jpg 1024w, https:\/\/sarandaweb.net\/app\/uploads\/2022\/03\/40.Viti-1974.d58-300x209.jpg 300w, https:\/\/sarandaweb.net\/app\/uploads\/2022\/03\/40.Viti-1974.d58-768x534.jpg 768w, https:\/\/sarandaweb.net\/app\/uploads\/2022\/03\/40.Viti-1974.d58-1536x1069.jpg 1536w, https:\/\/sarandaweb.net\/app\/uploads\/2022\/03\/40.Viti-1974.d58-2048x1425.jpg 2048w, https:\/\/sarandaweb.net\/app\/uploads\/2022\/03\/40.Viti-1974.d58-389x271.jpg 389w, https:\/\/sarandaweb.net\/app\/uploads\/2022\/03\/40.Viti-1974.d58-729x507.jpg 729w\" alt=\"\" width=\"1024\" height=\"712\" data-id=\"63745\" data-full-url=\"https:\/\/sarandaweb.net\/app\/uploads\/2022\/03\/40.Viti-1974.d58.jpg\" data-link=\"https:\/\/sarandaweb.net\/?attachment_id=63745\" \/><\/figure>\n<figure><img loading=\"lazy\" loading=\"lazy\" decoding=\"async\" class=\"wp-image-63746\" src=\"https:\/\/sarandaweb.net\/app\/uploads\/2022\/03\/107.Viti-2008.Ender-apo-zhgjender.e81-1024x692.jpg\" sizes=\"auto, (max-width: 1024px) 100vw, 1024px\" srcset=\"https:\/\/sarandaweb.net\/app\/uploads\/2022\/03\/107.Viti-2008.Ender-apo-zhgjender.e81-1024x692.jpg 1024w, https:\/\/sarandaweb.net\/app\/uploads\/2022\/03\/107.Viti-2008.Ender-apo-zhgjender.e81-300x203.jpg 300w, https:\/\/sarandaweb.net\/app\/uploads\/2022\/03\/107.Viti-2008.Ender-apo-zhgjender.e81-768x519.jpg 768w, https:\/\/sarandaweb.net\/app\/uploads\/2022\/03\/107.Viti-2008.Ender-apo-zhgjender.e81-1536x1037.jpg 1536w, https:\/\/sarandaweb.net\/app\/uploads\/2022\/03\/107.Viti-2008.Ender-apo-zhgjender.e81-389x263.jpg 389w, https:\/\/sarandaweb.net\/app\/uploads\/2022\/03\/107.Viti-2008.Ender-apo-zhgjender.e81-729x492.jpg 729w, https:\/\/sarandaweb.net\/app\/uploads\/2022\/03\/107.Viti-2008.Ender-apo-zhgjender.e81.jpg 1682w\" alt=\"\" width=\"1024\" height=\"692\" data-id=\"63746\" data-full-url=\"https:\/\/sarandaweb.net\/app\/uploads\/2022\/03\/107.Viti-2008.Ender-apo-zhgjender.e81.jpg\" data-link=\"https:\/\/sarandaweb.net\/?attachment_id=63746\" \/><\/figure>\n<figure><img loading=\"lazy\" loading=\"lazy\" decoding=\"async\" class=\"wp-image-63747\" src=\"https:\/\/sarandaweb.net\/app\/uploads\/2022\/03\/60.Viti-1983.Buqeta.g42-1024x908.jpg\" sizes=\"auto, (max-width: 1024px) 100vw, 1024px\" srcset=\"https:\/\/sarandaweb.net\/app\/uploads\/2022\/03\/60.Viti-1983.Buqeta.g42-1024x908.jpg 1024w, https:\/\/sarandaweb.net\/app\/uploads\/2022\/03\/60.Viti-1983.Buqeta.g42-300x266.jpg 300w, https:\/\/sarandaweb.net\/app\/uploads\/2022\/03\/60.Viti-1983.Buqeta.g42-768x681.jpg 768w, https:\/\/sarandaweb.net\/app\/uploads\/2022\/03\/60.Viti-1983.Buqeta.g42-1536x1362.jpg 1536w, https:\/\/sarandaweb.net\/app\/uploads\/2022\/03\/60.Viti-1983.Buqeta.g42-2048x1816.jpg 2048w, https:\/\/sarandaweb.net\/app\/uploads\/2022\/03\/60.Viti-1983.Buqeta.g42-389x345.jpg 389w, https:\/\/sarandaweb.net\/app\/uploads\/2022\/03\/60.Viti-1983.Buqeta.g42-729x646.jpg 729w\" alt=\"\" width=\"1024\" height=\"908\" data-id=\"63747\" data-full-url=\"https:\/\/sarandaweb.net\/app\/uploads\/2022\/03\/60.Viti-1983.Buqeta.g42-scaled.jpg\" data-link=\"https:\/\/sarandaweb.net\/?attachment_id=63747\" \/><\/figure>\n<figure><img loading=\"lazy\" loading=\"lazy\" decoding=\"async\" class=\"wp-image-63748\" src=\"https:\/\/sarandaweb.net\/app\/uploads\/2022\/03\/73.Viti-1987.z34-593x1024.jpg\" sizes=\"auto, (max-width: 593px) 100vw, 593px\" srcset=\"https:\/\/sarandaweb.net\/app\/uploads\/2022\/03\/73.Viti-1987.z34-593x1024.jpg 593w, https:\/\/sarandaweb.net\/app\/uploads\/2022\/03\/73.Viti-1987.z34-174x300.jpg 174w, https:\/\/sarandaweb.net\/app\/uploads\/2022\/03\/73.Viti-1987.z34-768x1326.jpg 768w, https:\/\/sarandaweb.net\/app\/uploads\/2022\/03\/73.Viti-1987.z34-889x1536.jpg 889w, https:\/\/sarandaweb.net\/app\/uploads\/2022\/03\/73.Viti-1987.z34-1186x2048.jpg 1186w, https:\/\/sarandaweb.net\/app\/uploads\/2022\/03\/73.Viti-1987.z34-389x672.jpg 389w, https:\/\/sarandaweb.net\/app\/uploads\/2022\/03\/73.Viti-1987.z34-729x1259.jpg 729w, https:\/\/sarandaweb.net\/app\/uploads\/2022\/03\/73.Viti-1987.z34-scaled.jpg 1482w\" alt=\"\" width=\"593\" height=\"1024\" data-id=\"63748\" data-full-url=\"https:\/\/sarandaweb.net\/app\/uploads\/2022\/03\/73.Viti-1987.z34-scaled.jpg\" data-link=\"https:\/\/sarandaweb.net\/?attachment_id=63748\" \/><\/figure>\n<figure><img loading=\"lazy\" loading=\"lazy\" decoding=\"async\" class=\"wp-image-63749\" src=\"https:\/\/sarandaweb.net\/app\/uploads\/2022\/03\/115.Viti-2012.50-Vjetori.e59-1024x770.jpg\" sizes=\"auto, (max-width: 1024px) 100vw, 1024px\" srcset=\"https:\/\/sarandaweb.net\/app\/uploads\/2022\/03\/115.Viti-2012.50-Vjetori.e59-1024x770.jpg 1024w, https:\/\/sarandaweb.net\/app\/uploads\/2022\/03\/115.Viti-2012.50-Vjetori.e59-300x225.jpg 300w, https:\/\/sarandaweb.net\/app\/uploads\/2022\/03\/115.Viti-2012.50-Vjetori.e59-768x577.jpg 768w, https:\/\/sarandaweb.net\/app\/uploads\/2022\/03\/115.Viti-2012.50-Vjetori.e59-1536x1154.jpg 1536w, https:\/\/sarandaweb.net\/app\/uploads\/2022\/03\/115.Viti-2012.50-Vjetori.e59-389x292.jpg 389w, https:\/\/sarandaweb.net\/app\/uploads\/2022\/03\/115.Viti-2012.50-Vjetori.e59-729x548.jpg 729w, https:\/\/sarandaweb.net\/app\/uploads\/2022\/03\/115.Viti-2012.50-Vjetori.e59.jpg 1566w\" alt=\"\" width=\"1024\" height=\"770\" data-id=\"63749\" data-full-url=\"https:\/\/sarandaweb.net\/app\/uploads\/2022\/03\/115.Viti-2012.50-Vjetori.e59.jpg\" data-link=\"https:\/\/sarandaweb.net\/?attachment_id=63749\" \/><\/figure>\n<figure><img loading=\"lazy\" loading=\"lazy\" decoding=\"async\" class=\"wp-image-63750\" src=\"https:\/\/sarandaweb.net\/app\/uploads\/2022\/03\/108.Viti-2009.Vjerra-pakez-me-bare.e7-1024x654.jpg\" sizes=\"auto, (max-width: 1024px) 100vw, 1024px\" srcset=\"https:\/\/sarandaweb.net\/app\/uploads\/2022\/03\/108.Viti-2009.Vjerra-pakez-me-bare.e7-1024x654.jpg 1024w, https:\/\/sarandaweb.net\/app\/uploads\/2022\/03\/108.Viti-2009.Vjerra-pakez-me-bare.e7-300x192.jpg 300w, https:\/\/sarandaweb.net\/app\/uploads\/2022\/03\/108.Viti-2009.Vjerra-pakez-me-bare.e7-768x491.jpg 768w, https:\/\/sarandaweb.net\/app\/uploads\/2022\/03\/108.Viti-2009.Vjerra-pakez-me-bare.e7-1536x982.jpg 1536w, https:\/\/sarandaweb.net\/app\/uploads\/2022\/03\/108.Viti-2009.Vjerra-pakez-me-bare.e7-389x249.jpg 389w, https:\/\/sarandaweb.net\/app\/uploads\/2022\/03\/108.Viti-2009.Vjerra-pakez-me-bare.e7-729x466.jpg 729w, https:\/\/sarandaweb.net\/app\/uploads\/2022\/03\/108.Viti-2009.Vjerra-pakez-me-bare.e7.jpg 1765w\" alt=\"\" width=\"1024\" height=\"654\" data-id=\"63750\" data-full-url=\"https:\/\/sarandaweb.net\/app\/uploads\/2022\/03\/108.Viti-2009.Vjerra-pakez-me-bare.e7.jpg\" data-link=\"https:\/\/sarandaweb.net\/?attachment_id=63750\" \/><\/figure>\n<figure><img loading=\"lazy\" loading=\"lazy\" decoding=\"async\" class=\"wp-image-63751\" src=\"https:\/\/sarandaweb.net\/app\/uploads\/2022\/03\/50.Alarm-ne-postkomande.-1979-1024x719.jpg\" sizes=\"auto, (max-width: 1024px) 100vw, 1024px\" srcset=\"https:\/\/sarandaweb.net\/app\/uploads\/2022\/03\/50.Alarm-ne-postkomande.-1979-1024x719.jpg 1024w, https:\/\/sarandaweb.net\/app\/uploads\/2022\/03\/50.Alarm-ne-postkomande.-1979-300x211.jpg 300w, https:\/\/sarandaweb.net\/app\/uploads\/2022\/03\/50.Alarm-ne-postkomande.-1979-768x539.jpg 768w, https:\/\/sarandaweb.net\/app\/uploads\/2022\/03\/50.Alarm-ne-postkomande.-1979-1536x1079.jpg 1536w, https:\/\/sarandaweb.net\/app\/uploads\/2022\/03\/50.Alarm-ne-postkomande.-1979-2048x1438.jpg 2048w, https:\/\/sarandaweb.net\/app\/uploads\/2022\/03\/50.Alarm-ne-postkomande.-1979-389x273.jpg 389w, https:\/\/sarandaweb.net\/app\/uploads\/2022\/03\/50.Alarm-ne-postkomande.-1979-729x512.jpg 729w\" alt=\"\" width=\"1024\" height=\"719\" data-id=\"63751\" data-full-url=\"https:\/\/sarandaweb.net\/app\/uploads\/2022\/03\/50.Alarm-ne-postkomande.-1979.jpg\" data-link=\"https:\/\/sarandaweb.net\/?attachment_id=63751\" \/><\/figure>\n<figure><img loading=\"lazy\" loading=\"lazy\" decoding=\"async\" class=\"wp-image-63752\" src=\"https:\/\/sarandaweb.net\/app\/uploads\/2022\/03\/52.Viti-1979-.Recitali.z169-1024x719.jpg\" sizes=\"auto, (max-width: 1024px) 100vw, 1024px\" srcset=\"https:\/\/sarandaweb.net\/app\/uploads\/2022\/03\/52.Viti-1979-.Recitali.z169-1024x719.jpg 1024w, https:\/\/sarandaweb.net\/app\/uploads\/2022\/03\/52.Viti-1979-.Recitali.z169-300x211.jpg 300w, https:\/\/sarandaweb.net\/app\/uploads\/2022\/03\/52.Viti-1979-.Recitali.z169-768x540.jpg 768w, https:\/\/sarandaweb.net\/app\/uploads\/2022\/03\/52.Viti-1979-.Recitali.z169-1536x1079.jpg 1536w, https:\/\/sarandaweb.net\/app\/uploads\/2022\/03\/52.Viti-1979-.Recitali.z169-2048x1439.jpg 2048w, https:\/\/sarandaweb.net\/app\/uploads\/2022\/03\/52.Viti-1979-.Recitali.z169-389x273.jpg 389w, https:\/\/sarandaweb.net\/app\/uploads\/2022\/03\/52.Viti-1979-.Recitali.z169-729x512.jpg 729w\" alt=\"\" width=\"1024\" height=\"719\" data-id=\"63752\" data-full-url=\"https:\/\/sarandaweb.net\/app\/uploads\/2022\/03\/52.Viti-1979-.Recitali.z169-scaled.jpg\" data-link=\"https:\/\/sarandaweb.net\/?attachment_id=63752\" \/><\/figure>\n<figure><img loading=\"lazy\" loading=\"lazy\" decoding=\"async\" class=\"wp-image-63753\" src=\"https:\/\/sarandaweb.net\/app\/uploads\/2022\/03\/47.Viti-1977.komedia.IMG_20210109_134246-1024x768.jpg\" sizes=\"auto, (max-width: 1024px) 100vw, 1024px\" srcset=\"https:\/\/sarandaweb.net\/app\/uploads\/2022\/03\/47.Viti-1977.komedia.IMG_20210109_134246-1024x768.jpg 1024w, https:\/\/sarandaweb.net\/app\/uploads\/2022\/03\/47.Viti-1977.komedia.IMG_20210109_134246-300x225.jpg 300w, https:\/\/sarandaweb.net\/app\/uploads\/2022\/03\/47.Viti-1977.komedia.IMG_20210109_134246-768x576.jpg 768w, https:\/\/sarandaweb.net\/app\/uploads\/2022\/03\/47.Viti-1977.komedia.IMG_20210109_134246-1536x1152.jpg 1536w, https:\/\/sarandaweb.net\/app\/uploads\/2022\/03\/47.Viti-1977.komedia.IMG_20210109_134246-2048x1536.jpg 2048w, https:\/\/sarandaweb.net\/app\/uploads\/2022\/03\/47.Viti-1977.komedia.IMG_20210109_134246-389x292.jpg 389w, https:\/\/sarandaweb.net\/app\/uploads\/2022\/03\/47.Viti-1977.komedia.IMG_20210109_134246-729x547.jpg 729w\" alt=\"\" width=\"1024\" height=\"768\" data-id=\"63753\" data-full-url=\"https:\/\/sarandaweb.net\/app\/uploads\/2022\/03\/47.Viti-1977.komedia.IMG_20210109_134246-scaled.jpg\" data-link=\"https:\/\/sarandaweb.net\/?attachment_id=63753\" \/><figcaption class=\"blocks-gallery-item__caption\"><\/figcaption><\/figure>\n<figure><img loading=\"lazy\" loading=\"lazy\" decoding=\"async\" class=\"wp-image-63754\" src=\"https:\/\/sarandaweb.net\/app\/uploads\/2022\/03\/32.Vodevili-1970.x17-1024x684.jpg\" sizes=\"auto, (max-width: 1024px) 100vw, 1024px\" srcset=\"https:\/\/sarandaweb.net\/app\/uploads\/2022\/03\/32.Vodevili-1970.x17-1024x684.jpg 1024w, https:\/\/sarandaweb.net\/app\/uploads\/2022\/03\/32.Vodevili-1970.x17-300x200.jpg 300w, https:\/\/sarandaweb.net\/app\/uploads\/2022\/03\/32.Vodevili-1970.x17-768x513.jpg 768w, https:\/\/sarandaweb.net\/app\/uploads\/2022\/03\/32.Vodevili-1970.x17-389x260.jpg 389w, https:\/\/sarandaweb.net\/app\/uploads\/2022\/03\/32.Vodevili-1970.x17-729x487.jpg 729w, https:\/\/sarandaweb.net\/app\/uploads\/2022\/03\/32.Vodevili-1970.x17.jpg 1485w\" alt=\"\" width=\"1024\" height=\"684\" data-id=\"63754\" data-full-url=\"https:\/\/sarandaweb.net\/app\/uploads\/2022\/03\/32.Vodevili-1970.x17.jpg\" data-link=\"https:\/\/sarandaweb.net\/?attachment_id=63754\" \/><\/figure>\n<figure><img loading=\"lazy\" loading=\"lazy\" decoding=\"async\" class=\"wp-image-63755\" src=\"https:\/\/sarandaweb.net\/app\/uploads\/2022\/03\/28.Viti-1968.a26-1024x848.jpg\" sizes=\"auto, (max-width: 1024px) 100vw, 1024px\" srcset=\"https:\/\/sarandaweb.net\/app\/uploads\/2022\/03\/28.Viti-1968.a26-1024x848.jpg 1024w, https:\/\/sarandaweb.net\/app\/uploads\/2022\/03\/28.Viti-1968.a26-300x248.jpg 300w, https:\/\/sarandaweb.net\/app\/uploads\/2022\/03\/28.Viti-1968.a26-768x636.jpg 768w, https:\/\/sarandaweb.net\/app\/uploads\/2022\/03\/28.Viti-1968.a26-389x322.jpg 389w, https:\/\/sarandaweb.net\/app\/uploads\/2022\/03\/28.Viti-1968.a26-729x604.jpg 729w, https:\/\/sarandaweb.net\/app\/uploads\/2022\/03\/28.Viti-1968.a26.jpg 1528w\" alt=\"\" width=\"1024\" height=\"848\" data-id=\"63755\" data-full-url=\"https:\/\/sarandaweb.net\/app\/uploads\/2022\/03\/28.Viti-1968.a26.jpg\" data-link=\"https:\/\/sarandaweb.net\/?attachment_id=63755\" \/><\/figure>\n<figure><img loading=\"lazy\" loading=\"lazy\" decoding=\"async\" class=\"wp-image-63756\" src=\"https:\/\/sarandaweb.net\/app\/uploads\/2022\/03\/17.Viti-1962.IMG-444d42804466719cfe4862d84f7e9228-V-1024x686.jpg\" sizes=\"auto, (max-width: 1024px) 100vw, 1024px\" srcset=\"https:\/\/sarandaweb.net\/app\/uploads\/2022\/03\/17.Viti-1962.IMG-444d42804466719cfe4862d84f7e9228-V-1024x686.jpg 1024w, https:\/\/sarandaweb.net\/app\/uploads\/2022\/03\/17.Viti-1962.IMG-444d42804466719cfe4862d84f7e9228-V-300x201.jpg 300w, https:\/\/sarandaweb.net\/app\/uploads\/2022\/03\/17.Viti-1962.IMG-444d42804466719cfe4862d84f7e9228-V-768x514.jpg 768w, https:\/\/sarandaweb.net\/app\/uploads\/2022\/03\/17.Viti-1962.IMG-444d42804466719cfe4862d84f7e9228-V-389x260.jpg 389w, https:\/\/sarandaweb.net\/app\/uploads\/2022\/03\/17.Viti-1962.IMG-444d42804466719cfe4862d84f7e9228-V-729x488.jpg 729w, https:\/\/sarandaweb.net\/app\/uploads\/2022\/03\/17.Viti-1962.IMG-444d42804466719cfe4862d84f7e9228-V.jpg 1195w\" alt=\"\" width=\"1024\" height=\"686\" data-id=\"63756\" data-full-url=\"https:\/\/sarandaweb.net\/app\/uploads\/2022\/03\/17.Viti-1962.IMG-444d42804466719cfe4862d84f7e9228-V.jpg\" data-link=\"https:\/\/sarandaweb.net\/?attachment_id=63756\" \/><\/figure>\n<\/figure>\n","protected":false},"excerpt":{"rendered":"<p>Nga Vangjel Agora &#8211; Aktor, regjisor\/ Sarand\u00eb \u00c7do trup\u00eb teatrale profesioniste ka historikun e vet t\u00eb krijimit. Dhe kur themi historikun, nuk kuptojm\u00eb vet\u00ebm rrug\u00ebn n\u00eb t\u00eb cil\u00ebn i \u00ebsht\u00eb dashur t\u00eb kaloj\u00eb\u00a0 trupa e Estrad\u00ebs s\u00eb Sarand\u00ebs, por edhe v\u00ebshtir\u00ebsit\u00eb q\u00eb i kan\u00eb dal\u00eb dhe problemeve q\u00eb shtronte koha n\u00ebp\u00ebrmjet tematik\u00ebs s\u00eb trajtuar. Sepse [&hellip;]<\/p>\n","protected":false},"author":5,"featured_media":45088,"comment_status":"open","ping_status":"open","sticky":false,"template":"","format":"standard","meta":{"footnotes":""},"categories":[7665,6332],"tags":[],"class_list":{"0":"post-45087","1":"post","2":"type-post","3":"status-publish","4":"format-standard","5":"has-post-thumbnail","7":"category-art","8":"category-te-fundit"},"_links":{"self":[{"href":"https:\/\/jugulajm.net\/index.php?rest_route=\/wp\/v2\/posts\/45087","targetHints":{"allow":["GET"]}}],"collection":[{"href":"https:\/\/jugulajm.net\/index.php?rest_route=\/wp\/v2\/posts"}],"about":[{"href":"https:\/\/jugulajm.net\/index.php?rest_route=\/wp\/v2\/types\/post"}],"author":[{"embeddable":true,"href":"https:\/\/jugulajm.net\/index.php?rest_route=\/wp\/v2\/users\/5"}],"replies":[{"embeddable":true,"href":"https:\/\/jugulajm.net\/index.php?rest_route=%2Fwp%2Fv2%2Fcomments&post=45087"}],"version-history":[{"count":0,"href":"https:\/\/jugulajm.net\/index.php?rest_route=\/wp\/v2\/posts\/45087\/revisions"}],"wp:featuredmedia":[{"embeddable":true,"href":"https:\/\/jugulajm.net\/index.php?rest_route=\/wp\/v2\/media\/45088"}],"wp:attachment":[{"href":"https:\/\/jugulajm.net\/index.php?rest_route=%2Fwp%2Fv2%2Fmedia&parent=45087"}],"wp:term":[{"taxonomy":"category","embeddable":true,"href":"https:\/\/jugulajm.net\/index.php?rest_route=%2Fwp%2Fv2%2Fcategories&post=45087"},{"taxonomy":"post_tag","embeddable":true,"href":"https:\/\/jugulajm.net\/index.php?rest_route=%2Fwp%2Fv2%2Ftags&post=45087"}],"curies":[{"name":"wp","href":"https:\/\/api.w.org\/{rel}","templated":true}]}}