{"id":44982,"date":"2022-03-30T12:33:09","date_gmt":"2022-03-30T10:33:09","guid":{"rendered":"https:\/\/jugulajm.net\/?p=44982"},"modified":"2022-03-30T12:33:35","modified_gmt":"2022-03-30T10:33:35","slug":"energjetika-rama-jep-alarmin-gjerat-jane-cdo-dite-e-me-keq","status":"publish","type":"post","link":"https:\/\/jugulajm.net\/?p=44982","title":{"rendered":"Energjetika\/ Rama jep alarmin: Gj\u00ebrat jan\u00eb \u00e7do dit\u00eb e m\u00eb keq"},"content":{"rendered":"<header class=\"header fixed-mobile\">\n<div class=\"menu-header mvp-fixed1\">\n<div class=\"container\">\n<p>Kryeministri Edi Rama, n\u00eb nj\u00eb takim me importues dhe eksportues, ka b\u00ebr\u00eb me dije se gj\u00ebrat jan\u00eb \u00e7do dit\u00eb e m\u00eb keq n\u00eb pasqyr\u00ebn e p\u00ebrgjithshme t\u00eb furnizimit me energji.<\/p>\n<p>Sipas kryeministrit shum\u00eb vende po gjenden n\u00eb nj\u00eb situat\u00eb t\u00eb paparashikueshme t\u00eb rritjes s\u00eb \u00e7mimeve t\u00eb energjis\u00eb.Rama thekson se problem nuk \u00ebsht\u00eb vet\u00ebm kostoja por, mund t\u00eb ekzistoj\u00eb mund\u00ebsia t\u00eb ket\u00eb munges\u00eb t\u00eb energjis\u00eb.<\/p>\n<\/div>\n<\/div>\n<\/header>\n<div id=\"sitemaindesktopmobile\" class=\"site-main mobile-view fixed-header\">\n<div class=\"container\">\n<article id=\"single-article-wrap\">\n<div class=\"single-content\">\n<div class=\"single-content-wrap\">\n<div id=\"single-content-main\" class=\"single-content-main\">\n<div class=\"single-content\">\n<p>\u201c<em>Tjet\u00ebr q\u00eb do t\u00eb them \u00ebsht\u00eb \u00e7\u00ebshtja e furnizimit me energji. Gj\u00ebrat jan\u00eb \u00e7do dit\u00eb e m\u00eb keq n\u00eb pasqyr\u00ebn e p\u00ebrgjithshme t\u00eb furnizimit me energji.<\/em><\/p>\n<p><em>Vendet e bot\u00ebs po gjenden n\u00eb situat\u00eb t\u00eb paparashikueshme me rritjen e \u00e7mimeve t\u00eb energjis\u00eb. Problemi themelor nuk \u00ebsht\u00eb vet\u00ebm rritja e kostove por mund\u00ebsia e munges\u00ebs s\u00eb energjis\u00eb. Kemi marr\u00eb p\u00ebrsip\u00ebr di\u00e7ka q\u00eb e konsideroj baz\u00eb p\u00ebr t\u00eb mbajtur nj\u00eb frym\u00ebmarrje normale n\u00eb nj\u00eb koh\u00eb t\u00eb v\u00ebshtir\u00eb mos rritjen e energjis\u00eb p\u00ebr familjen dhe biznesin e vog\u00ebl. Prej koh\u00ebsh jemi n\u00eb marr\u00ebdh\u00ebnie me tregun e lire<\/em>\u201d, tha kryeministri Rama.<\/p>\n<\/div>\n<\/div>\n<\/div>\n<\/div>\n<\/article>\n<\/div>\n<\/div>\n","protected":false},"excerpt":{"rendered":"<p>Kryeministri Edi Rama, n\u00eb nj\u00eb takim me importues dhe eksportues, ka b\u00ebr\u00eb me dije se gj\u00ebrat jan\u00eb \u00e7do dit\u00eb e m\u00eb keq n\u00eb pasqyr\u00ebn e p\u00ebrgjithshme t\u00eb furnizimit me energji. Sipas kryeministrit shum\u00eb vende po gjenden n\u00eb nj\u00eb situat\u00eb t\u00eb paparashikueshme t\u00eb rritjes s\u00eb \u00e7mimeve t\u00eb energjis\u00eb.Rama thekson se problem nuk \u00ebsht\u00eb vet\u00ebm kostoja por, [&hellip;]<\/p>\n","protected":false},"author":5,"featured_media":40024,"comment_status":"open","ping_status":"open","sticky":false,"template":"","format":"standard","meta":{"footnotes":""},"categories":[6327,6332],"tags":[],"class_list":{"0":"post-44982","1":"post","2":"type-post","3":"status-publish","4":"format-standard","5":"has-post-thumbnail","7":"category-ekonomi","8":"category-te-fundit"},"_links":{"self":[{"href":"https:\/\/jugulajm.net\/index.php?rest_route=\/wp\/v2\/posts\/44982","targetHints":{"allow":["GET"]}}],"collection":[{"href":"https:\/\/jugulajm.net\/index.php?rest_route=\/wp\/v2\/posts"}],"about":[{"href":"https:\/\/jugulajm.net\/index.php?rest_route=\/wp\/v2\/types\/post"}],"author":[{"embeddable":true,"href":"https:\/\/jugulajm.net\/index.php?rest_route=\/wp\/v2\/users\/5"}],"replies":[{"embeddable":true,"href":"https:\/\/jugulajm.net\/index.php?rest_route=%2Fwp%2Fv2%2Fcomments&post=44982"}],"version-history":[{"count":0,"href":"https:\/\/jugulajm.net\/index.php?rest_route=\/wp\/v2\/posts\/44982\/revisions"}],"wp:featuredmedia":[{"embeddable":true,"href":"https:\/\/jugulajm.net\/index.php?rest_route=\/"}],"wp:attachment":[{"href":"https:\/\/jugulajm.net\/index.php?rest_route=%2Fwp%2Fv2%2Fmedia&parent=44982"}],"wp:term":[{"taxonomy":"category","embeddable":true,"href":"https:\/\/jugulajm.net\/index.php?rest_route=%2Fwp%2Fv2%2Fcategories&post=44982"},{"taxonomy":"post_tag","embeddable":true,"href":"https:\/\/jugulajm.net\/index.php?rest_route=%2Fwp%2Fv2%2Ftags&post=44982"}],"curies":[{"name":"wp","href":"https:\/\/api.w.org\/{rel}","templated":true}]}}