{"id":44943,"date":"2022-03-29T11:51:34","date_gmt":"2022-03-29T09:51:34","guid":{"rendered":"https:\/\/jugulajm.net\/?p=44943"},"modified":"2022-03-29T11:51:34","modified_gmt":"2022-03-29T09:51:34","slug":"lajmi-i-fundit-inceneratoret-spak-kerkon-arrestimin-e-deputetit-te-ps-se-emri","status":"publish","type":"post","link":"https:\/\/jugulajm.net\/?p=44943","title":{"rendered":"LAJMI I FUNDIT!! Incenerator\u00ebt\/ SPAK k\u00ebrkon arrestimin e deputetit t\u00eb PS-s\u00eb\/ EMRI"},"content":{"rendered":"<p>Prokuroria Posa\u00e7me kund\u00ebr Korrupsionit dhe Krimit t\u00eb Organizuar Tiran\u00eb k\u00ebrkon arrestimin e deputetit t\u00eb Partis\u00eb Socialiste, Alqi Bllako.<\/p>\n<p>N\u00eb nj\u00eb njoftim zyrtar thuhet se SPAK i \u00ebsht\u00eb dor\u00ebzuar Kuvendit, \u201cp\u00ebr dh\u00ebnie t\u00eb autorizimit p\u00ebr caktimin e mas\u00ebs sigurimit personal \u201carrest n\u00eb burg\u201d.<\/p>\n<p>Bllako ka qen\u00eb Sekretar i P\u00ebrgjithsh\u00ebm i Ministris\u00eb s\u00eb Mjedisit n\u00eb periudh\u00ebn kur jan\u00eb miratuar koncensionet p\u00ebr incenerator\u00ebt.<\/p>\n<p>P\u00ebr shtetasin Alqi Bllako, nisur nga fakti q\u00eb \u00ebsht\u00eb i zgjedhur deputet n\u00eb Kuvendin e Republik\u00ebs s\u00eb Shjqip\u00ebris\u00eb, Prokuroria e Posa\u00e7me bazuar n\u00eb parashikimet e nenit 73\/2 t\u00eb Kushtetut\u00ebs s\u00eb Republik\u00ebs s\u00eb Shqip\u00ebris\u00eb dhe nenit 288\/1\/2 t\u00eb Kodit t\u00eb Procedur\u00ebs Penale, do t\u00eb paraqes\u00eb k\u00ebrkes\u00eb Kuvendit p\u00ebr dh\u00ebnie t\u00eb autorizimit p\u00ebr caktimin e mas\u00ebs sigurimit personal \u201carrest n\u00eb burg\u201d.<\/p>\n","protected":false},"excerpt":{"rendered":"<p>Prokuroria Posa\u00e7me kund\u00ebr Korrupsionit dhe Krimit t\u00eb Organizuar Tiran\u00eb k\u00ebrkon arrestimin e deputetit t\u00eb Partis\u00eb Socialiste, Alqi Bllako. N\u00eb nj\u00eb njoftim zyrtar thuhet se SPAK i \u00ebsht\u00eb dor\u00ebzuar Kuvendit, \u201cp\u00ebr dh\u00ebnie t\u00eb autorizimit p\u00ebr caktimin e mas\u00ebs sigurimit personal \u201carrest n\u00eb burg\u201d. Bllako ka qen\u00eb Sekretar i P\u00ebrgjithsh\u00ebm i Ministris\u00eb s\u00eb Mjedisit n\u00eb periudh\u00ebn kur [&hellip;]<\/p>\n","protected":false},"author":5,"featured_media":44945,"comment_status":"open","ping_status":"open","sticky":false,"template":"","format":"standard","meta":{"footnotes":""},"categories":[1,6326,6332],"tags":[],"class_list":{"0":"post-44943","1":"post","2":"type-post","3":"status-publish","4":"format-standard","5":"has-post-thumbnail","7":"category-aktualitet","8":"category-politike","9":"category-te-fundit"},"_links":{"self":[{"href":"https:\/\/jugulajm.net\/index.php?rest_route=\/wp\/v2\/posts\/44943","targetHints":{"allow":["GET"]}}],"collection":[{"href":"https:\/\/jugulajm.net\/index.php?rest_route=\/wp\/v2\/posts"}],"about":[{"href":"https:\/\/jugulajm.net\/index.php?rest_route=\/wp\/v2\/types\/post"}],"author":[{"embeddable":true,"href":"https:\/\/jugulajm.net\/index.php?rest_route=\/wp\/v2\/users\/5"}],"replies":[{"embeddable":true,"href":"https:\/\/jugulajm.net\/index.php?rest_route=%2Fwp%2Fv2%2Fcomments&post=44943"}],"version-history":[{"count":0,"href":"https:\/\/jugulajm.net\/index.php?rest_route=\/wp\/v2\/posts\/44943\/revisions"}],"wp:featuredmedia":[{"embeddable":true,"href":"https:\/\/jugulajm.net\/index.php?rest_route=\/wp\/v2\/media\/44945"}],"wp:attachment":[{"href":"https:\/\/jugulajm.net\/index.php?rest_route=%2Fwp%2Fv2%2Fmedia&parent=44943"}],"wp:term":[{"taxonomy":"category","embeddable":true,"href":"https:\/\/jugulajm.net\/index.php?rest_route=%2Fwp%2Fv2%2Fcategories&post=44943"},{"taxonomy":"post_tag","embeddable":true,"href":"https:\/\/jugulajm.net\/index.php?rest_route=%2Fwp%2Fv2%2Ftags&post=44943"}],"curies":[{"name":"wp","href":"https:\/\/api.w.org\/{rel}","templated":true}]}}