{"id":44925,"date":"2022-03-29T09:09:35","date_gmt":"2022-03-29T07:09:35","guid":{"rendered":"https:\/\/jugulajm.net\/?p=44925"},"modified":"2022-03-29T10:06:05","modified_gmt":"2022-03-29T08:06:05","slug":"lajm-i-fundit-inceneratoret-spak-20-urdher-arreste-7-ne-pranga-e-5-ne-kerkim-emrat","status":"publish","type":"post","link":"https:\/\/jugulajm.net\/?p=44925","title":{"rendered":"LAJM I FUNDIT!! Incenerator\u00ebt\/ SPAK 20 urdh\u00ebr arreste, 7 n\u00eb pranga e 5 n\u00eb k\u00ebrkim\/ EMRAT"},"content":{"rendered":"<p>20 urdh\u00ebr arreste jan\u00eb firmosur nga gjykata\u00a0p\u00ebr incenerator\u00ebt! SPAK dhe policia \u00ebsht\u00eb duke zhvilluar\u00a0operacionin p\u00ebr prangosjen e tyre Report Tv m\u00ebson se b\u00ebhet fjal\u00eb p\u00ebr zyrtar\u00eb dhe biznesmen\u00eb, q\u00eb kan\u00eb lidhje me incenerator\u00ebt e Elbasanit dhe t\u00eb Fierit.<\/p>\n<p>Nga 20 urdh\u00ebr arrestet 12 jan\u00eb masa sigurie &#8216;arrest me burg&#8217; nga t\u00eb cilat 7 jan\u00eb ekzekutuar dhe 5 t\u00eb tjer\u00eb jan\u00eb n\u00eb k\u00ebrkim! Nd\u00ebrkoh\u00eb q\u00eb 8 jan\u00eb masa sigurie n\u00eb gjendje t\u00eb lir\u00eb.<\/p>\n<p>Mes t\u00eb arrestuarve jan\u00eb:<\/p>\n<p>Florian Mu\u00e7a kreu i Albpetrol. Muca ka qene n\u00eb komisionin e prokurimit te inceneratorit t\u00eb Fierit.<\/p>\n<p>Loran Dusha, Administrator i Inceneratorit t\u00eb Fierit, q\u00eb \u00ebsht\u00eb n\u00eb pron\u00ebsi t\u00eb \u201cIntegrated Technology Services\u201d.<\/p>\n<p>Kujtojm\u00eb se prej muajsh n\u00eb SPAK vijojn\u00eb hetimet p\u00ebr \u00e7\u00ebshtjen e incenerator\u00ebve pas denoncimeve t\u00eb ardhura nga forcat politike t\u00eb opozit\u00ebs.<\/p>\n<p>I akuzuar p\u00ebr p\u00ebrvet\u00ebsimin p\u00ebrmes korrupsionit t\u00eb 3.7 milion\u00eb euro n\u00eb burg p\u00ebr k\u00ebt\u00eb \u00e7\u00ebshtje \u00ebsht\u00eb ish-ministri i Mjedisit Lefter koka nd\u00ebrkoh\u00eb q\u00eb jan\u00eb marr\u00eb n\u00eb pyetje nga SPAK p\u00ebr or\u00eb me radh\u00eb dhe kryetari i bashkis\u00eb s\u00eb Fierit Armando Subashi si dhe deputeti socialist Alqi Bllako.<\/p>\n","protected":false},"excerpt":{"rendered":"<p>20 urdh\u00ebr arreste jan\u00eb firmosur nga gjykata\u00a0p\u00ebr incenerator\u00ebt! SPAK dhe policia \u00ebsht\u00eb duke zhvilluar\u00a0operacionin p\u00ebr prangosjen e tyre Report Tv m\u00ebson se b\u00ebhet fjal\u00eb p\u00ebr zyrtar\u00eb dhe biznesmen\u00eb, q\u00eb kan\u00eb lidhje me incenerator\u00ebt e Elbasanit dhe t\u00eb Fierit. Nga 20 urdh\u00ebr arrestet 12 jan\u00eb masa sigurie &#8216;arrest me burg&#8217; nga t\u00eb cilat 7 jan\u00eb ekzekutuar [&hellip;]<\/p>\n","protected":false},"author":5,"featured_media":44927,"comment_status":"open","ping_status":"open","sticky":false,"template":"","format":"standard","meta":{"footnotes":""},"categories":[1,6332],"tags":[17534],"class_list":{"0":"post-44925","1":"post","2":"type-post","3":"status-publish","4":"format-standard","5":"has-post-thumbnail","7":"category-aktualitet","8":"category-te-fundit","9":"tag-7-ne-pranga-e-5-ne-kerkim-emrat"},"_links":{"self":[{"href":"https:\/\/jugulajm.net\/index.php?rest_route=\/wp\/v2\/posts\/44925","targetHints":{"allow":["GET"]}}],"collection":[{"href":"https:\/\/jugulajm.net\/index.php?rest_route=\/wp\/v2\/posts"}],"about":[{"href":"https:\/\/jugulajm.net\/index.php?rest_route=\/wp\/v2\/types\/post"}],"author":[{"embeddable":true,"href":"https:\/\/jugulajm.net\/index.php?rest_route=\/wp\/v2\/users\/5"}],"replies":[{"embeddable":true,"href":"https:\/\/jugulajm.net\/index.php?rest_route=%2Fwp%2Fv2%2Fcomments&post=44925"}],"version-history":[{"count":0,"href":"https:\/\/jugulajm.net\/index.php?rest_route=\/wp\/v2\/posts\/44925\/revisions"}],"wp:featuredmedia":[{"embeddable":true,"href":"https:\/\/jugulajm.net\/index.php?rest_route=\/wp\/v2\/media\/44927"}],"wp:attachment":[{"href":"https:\/\/jugulajm.net\/index.php?rest_route=%2Fwp%2Fv2%2Fmedia&parent=44925"}],"wp:term":[{"taxonomy":"category","embeddable":true,"href":"https:\/\/jugulajm.net\/index.php?rest_route=%2Fwp%2Fv2%2Fcategories&post=44925"},{"taxonomy":"post_tag","embeddable":true,"href":"https:\/\/jugulajm.net\/index.php?rest_route=%2Fwp%2Fv2%2Ftags&post=44925"}],"curies":[{"name":"wp","href":"https:\/\/api.w.org\/{rel}","templated":true}]}}