{"id":44913,"date":"2022-03-28T16:49:00","date_gmt":"2022-03-28T14:49:00","guid":{"rendered":"https:\/\/jugulajm.net\/?p=44913"},"modified":"2022-03-28T16:49:00","modified_gmt":"2022-03-28T14:49:00","slug":"corriere-della-sera-mjeket-shqiptare-nuk-kontribuan-u-perdoren-per-propagande","status":"publish","type":"post","link":"https:\/\/jugulajm.net\/?p=44913","title":{"rendered":"\u201cCorriere della Sera\u201d: Mjek\u00ebt shqiptar\u00eb nuk kontribuan, u p\u00ebrdor\u00ebn p\u00ebr propagand\u00eb"},"content":{"rendered":"<p>Hipokrizia mund t\u00eb zgjas\u00eb, por n\u00eb fund gjith\u00e7ka e gjithkush e tregon pamjet e v\u00ebrtet\u00eb. K\u00ebshtu ka ndodhur edhe tani, fiks dy vite pas d\u00ebrgimit t\u00eb delegacionit t\u00eb 30 mjek\u00ebve shqiptar\u00eb p\u00ebr t\u00eb luftuar kund\u00ebr Covid-19 n\u00eb Itali.<br \/>\nE p\u00ebrditshmja italiane\u00a0 \u201cCorriere della Sera\u201d ka ngritur pik\u00ebpyetje p\u00ebr q\u00ebndrimin e skuadr\u00ebs s\u00eb mjek\u00ebve shqiptar\u00eb, t\u00eb cil\u00ebt u zhvendos\u00ebn p\u00ebr nj\u00eb muaj n\u00eb shtetin fqinj n\u00eb nj\u00eb tentativ\u00eb, m\u00eb tep\u00ebr propagandistike se mjek\u00ebsore, p\u00ebr t\u00eb ndihmuar me kriz\u00ebn e pandemis\u00eb Covid-19. Shkrimi denoncues i Corriere della Sera hapet me nj\u00eb pyetje mbi nevoj\u00ebn e k\u00ebtyre mjek\u00ebve shqiptar\u00eb n\u00eb sh\u00ebrbim t\u00eb shtetit fqinj.<br \/>\n\u201cShqiptar\u00ebt ishin miq n\u00eb Brescia, si\u00e7 qe dhe ekipi i mjek\u00ebve rus\u00eb duke na kushtuar 3 milion\u00eb euro. Po a ishin t\u00eb nevojsh\u00ebm?\u201d, b\u00ebn nj\u00eb pyetje retorike gazeta.<br \/>\nDuke e paralelizuar misionin ton\u00eb me at\u00eb rus, ku shumica e k\u00ebtij t\u00eb fundit p\u00ebrb\u00ebhej nga spiun\u00eb, Corriere della Sera shkruan se as skuadra shqiptare nuk \u00ebsht\u00eb treguar korrekte gjat\u00eb q\u00ebndrimit t\u00eb saj.<\/p>\n<p>\u201cTashm\u00eb jan\u00eb b\u00ebr\u00eb t\u00eb njohura ahengjet me pije alkoolike t\u00eb shqiptar\u00ebve n\u00eb hotelin e tyre n\u00eb Brescia, madje edhe gjobat e majme q\u00eb mor\u00ebn p\u00ebr grumbullimet, masa k\u00ebto q\u00eb \u00e7udit\u00ebrisht u \u2018zhduk\u00ebn\u2019 fal\u00eb marr\u00ebveshjeve mes dy qeverive, asaj shqiptare dhe italiane\u201d, vijon gazeta.<br \/>\nSipas medias italiane, q\u00eb n\u00eb nisje t\u00eb k\u00ebtij misioni drejt Italis\u00eb, nuk u krye asnj\u00eb hetim mbi personat q\u00eb udh\u00ebtonin e aq m\u00eb pak se sa para ata kishin me vete, Gazeta shkruan se arsyeja p\u00ebrse u veprua n\u00eb k\u00ebt\u00eb m\u00ebnyr\u00eb \u00ebsht\u00eb ende e paqart\u00eb, pasi misioni rus nga ana tjet\u00ebr ishte n\u00ebn v\u00ebzhgimin konstant t\u00eb karabinier\u00ebve italian\u00eb. Ndoshta kjo shpjegon edhe arsyen pse n\u00eb mes t\u00eb mjek\u00ebve u infiltrua dhe nj\u00eb punonj\u00ebs karburanti.<br \/>\nN\u00eb vijim, shkrimi i s\u00eb p\u00ebrditshmes italiane aludon se n\u00eb k\u00ebt\u00eb pjes\u00eb mund t\u00eb ket\u00eb ndihmuar p\u00ebrfshirja e nj\u00eb prej personave m\u00eb t\u00eb besuar t\u00eb kryeministrit Rama, avokatit \u00cbngj\u00ebll Aga\u00e7i, shpesh i p\u00ebrfolur si \u201cmbrojt\u00ebs i narkotrafikant\u00ebve t\u00eb m\u00ebdhenj shqiptar\u00eb.\u201d<br \/>\n\u201cNjeri i d\u00ebgjuar shpesh nga isntitucionet tona, emri i t\u00eb cilit u shtua jo gabimisht p\u00ebr t\u00eb udh\u00ebtuar n\u00eb bordin e avionit q\u00eb udh\u00ebtoj brenda Italis\u00eb drejt Lombardis\u00eb. Pas mb\u00ebrritjes s\u00eb tij n\u00eb Rom\u00eb, n\u00eb v\u00ebzhgimin e mjek\u00ebve shqiptar\u00eb u angazhua Guardia di Finanza\u201d, shkruan Corriere della Sera.<br \/>\nMedia e shtetit fqinj shkruan se analist\u00ebt nd\u00ebrkomb\u00ebtar e kan\u00eb sintetizuar mb\u00ebrritjen e delegacionit shqiptar n\u00eb Itali si nj\u00eb l\u00ebvizje gjeopolitike e manov\u00ebr diplomatike t\u00eb kryeminstrit Rama p\u00ebr t\u00eb fituar pik\u00eb n\u00eb aren\u00ebn nd\u00ebrkomb\u00ebtare. Me kat\u00ebr fjal\u00eb e p\u00ebrmbyll shkrimin e saj mbi q\u00ebndrimin e delegacionit shqiptar Corriere della Sera: \u201cnuk dhan\u00eb asnj\u00eb kontribut\u201d.<\/p>\n<p>Por sot, dy vjet m\u00eb pas, ne mund t\u00eb masim p\u00ebrtej daulleve propaganistike se sa qe zhurma dhe se sa kontributi. Ajo e para arriti kulmin n\u00eb nj\u00eb \u201csondazh\u201d q\u00eb organizoi televizioni Report TV ku Rama dilte lideri m\u00eb i preferuar nd\u00ebrkomb\u00ebtar mes italian\u00ebve, duke l\u00ebn\u00eb pas Merkelin dhe Putinin.<\/p>\n<p><img loading=\"lazy\" loading=\"lazy\" decoding=\"async\" class=\"alignnone size-medium wp-image-711323\" src=\"https:\/\/lapsi.al\/wp-content\/uploads\/2022\/03\/rama-putin-300x167.jpg\" sizes=\"auto, (max-width: 300px) 100vw, 300px\" srcset=\"https:\/\/lapsi.al\/wp-content\/uploads\/2022\/03\/rama-putin-300x167.jpg 300w, https:\/\/lapsi.al\/wp-content\/uploads\/2022\/03\/rama-putin.jpg 616w\" alt=\"\" width=\"300\" height=\"167\" \/><br \/>\nN\u00eb at\u00eb koh\u00eb n\u00eb mediat tona bu\u00e7isnin titujt e shtypit italian q\u00eb e quanin aktin e Ram\u00ebs si \u201cm\u00ebsimin shqiptar\u201d (ndaj Evrop\u00ebs), apo \u201cnj\u00eb mrekulli e Zotit\u201d .<br \/>\nVet\u00ebm m\u00eb pas gjakrat u ul\u00ebn dhe n\u00eb nj\u00eb intervist\u00eb Ministri i Jashtem italian, Di Maio pranoi se Edi Rama,\u00a0 ishte vet\u00ebofruar t\u00eb sillte nj\u00eb grup mjek\u00ebsh sepse Shqip\u00ebria nuk kishte ende nevoj\u00eb p\u00ebr t\u00eb gjitha rezervat.<br \/>\nPor kur disa z\u00ebra kritik\u00eb n\u00eb shtypin shqiptar i artikuluan k\u00ebto kritika ata u vun\u00eb n\u00ebn sh\u00ebnjestr\u00ebn e makineris\u00eb s\u00eb propagand\u00ebs. K\u00ebsaj radhe \u00ebsht\u00eb nj\u00eb media serioze italiane si \u201cCorriere della Sera\u201d e cila jo vet\u00ebm p\u00ebrmend rastin e punonj\u00ebsit t\u00eb benzinat\u00ebs, dhe gjobat q\u00eb mor\u00ebn mjek\u00ebt shqiptar\u00eb si pasoj\u00eb e thyerjes s\u00eb rregullave, por v\u00eb n\u00eb dukje edhe se \u201cmb\u00ebrritjen a delegacionit shqiptar n\u00eb Itali ishte nj\u00eb l\u00ebvizje gjeopolitike apo manov\u00ebr diplomatike t\u00eb kryeministrit Rama p\u00ebr t\u00eb fituar pik\u00eb n\u00eb aren\u00ebn nd\u00ebrkomb\u00ebtare\u201d.<\/p>\n","protected":false},"excerpt":{"rendered":"<p>Hipokrizia mund t\u00eb zgjas\u00eb, por n\u00eb fund gjith\u00e7ka e gjithkush e tregon pamjet e v\u00ebrtet\u00eb. K\u00ebshtu ka ndodhur edhe tani, fiks dy vite pas d\u00ebrgimit t\u00eb delegacionit t\u00eb 30 mjek\u00ebve shqiptar\u00eb p\u00ebr t\u00eb luftuar kund\u00ebr Covid-19 n\u00eb Itali. E p\u00ebrditshmja italiane\u00a0 \u201cCorriere della Sera\u201d ka ngritur pik\u00ebpyetje p\u00ebr q\u00ebndrimin e skuadr\u00ebs s\u00eb mjek\u00ebve shqiptar\u00eb, t\u00eb [&hellip;]<\/p>\n","protected":false},"author":5,"featured_media":44914,"comment_status":"open","ping_status":"open","sticky":false,"template":"","format":"standard","meta":{"footnotes":""},"categories":[7652,6332],"tags":[17528],"class_list":{"0":"post-44913","1":"post","2":"type-post","3":"status-publish","4":"format-standard","5":"has-post-thumbnail","7":"category-shendetesi","8":"category-te-fundit","9":"tag-corriere-della-sera-mjeket-shqiptare-nuk-kontribuan"},"_links":{"self":[{"href":"https:\/\/jugulajm.net\/index.php?rest_route=\/wp\/v2\/posts\/44913","targetHints":{"allow":["GET"]}}],"collection":[{"href":"https:\/\/jugulajm.net\/index.php?rest_route=\/wp\/v2\/posts"}],"about":[{"href":"https:\/\/jugulajm.net\/index.php?rest_route=\/wp\/v2\/types\/post"}],"author":[{"embeddable":true,"href":"https:\/\/jugulajm.net\/index.php?rest_route=\/wp\/v2\/users\/5"}],"replies":[{"embeddable":true,"href":"https:\/\/jugulajm.net\/index.php?rest_route=%2Fwp%2Fv2%2Fcomments&post=44913"}],"version-history":[{"count":0,"href":"https:\/\/jugulajm.net\/index.php?rest_route=\/wp\/v2\/posts\/44913\/revisions"}],"wp:featuredmedia":[{"embeddable":true,"href":"https:\/\/jugulajm.net\/index.php?rest_route=\/wp\/v2\/media\/44914"}],"wp:attachment":[{"href":"https:\/\/jugulajm.net\/index.php?rest_route=%2Fwp%2Fv2%2Fmedia&parent=44913"}],"wp:term":[{"taxonomy":"category","embeddable":true,"href":"https:\/\/jugulajm.net\/index.php?rest_route=%2Fwp%2Fv2%2Fcategories&post=44913"},{"taxonomy":"post_tag","embeddable":true,"href":"https:\/\/jugulajm.net\/index.php?rest_route=%2Fwp%2Fv2%2Ftags&post=44913"}],"curies":[{"name":"wp","href":"https:\/\/api.w.org\/{rel}","templated":true}]}}